{"id":1276,"date":"2020-03-06T16:36:20","date_gmt":"2020-03-06T15:36:20","guid":{"rendered":"https:\/\/www.rechtsanwalt-fortbildung.net\/blog\/?p=1276"},"modified":"2026-02-27T12:18:17","modified_gmt":"2026-02-27T11:18:17","slug":"incoterms-2020-fortbildung-im-internationalen-wirtschaftsrecht-und-im-transportrecht","status":"publish","type":"post","link":"https:\/\/www.rechtsanwalt-fortbildung.net\/blog\/incoterms-2020-fortbildung-im-internationalen-wirtschaftsrecht-und-im-transportrecht\/","title":{"rendered":"Incoterms 2020 &#8211; Fortbildung im Internationalen Wirtschaftsrecht und im Transportrecht"},"content":{"rendered":"\n<p class=\"wp-block-paragraph\">Wir freuen uns die International Chamber of Commerce (ICC) Germany als Partner f\u00fcr Fortbildungen im Bereich des Internationalen Wirtschaftsrechts und des Transportrechts gewonnen zu haben.<\/p>\n\n\n\n<p class=\"wp-block-paragraph\">Mit der aktuellen Seminarveranstaltung zu den Incoterms 2020 von Prof. Dr. Burghard Piltz und weiteren Veranstaltungen auf Top Niveau k\u00f6nnen Juristen in den oben genannten Rechtsgebieten Fortbildungsstunden nach \u00a7 15 FAO sammeln.<\/p>\n\n\n\n<figure class=\"wp-block-image size-large\"><img loading=\"lazy\" decoding=\"async\" width=\"1024\" height=\"282\" src=\"https:\/\/www.rechtsanwalt-fortbildung.net\/blog\/wp-content\/uploads\/2020\/03\/ICC-Incoterms-Logo_All_Original_RGB-1024x282.png\" alt=\"\" class=\"wp-image-1279\" srcset=\"https:\/\/www.rechtsanwalt-fortbildung.net\/blog\/wp-content\/uploads\/2020\/03\/ICC-Incoterms-Logo_All_Original_RGB-1024x282.png 1024w, https:\/\/www.rechtsanwalt-fortbildung.net\/blog\/wp-content\/uploads\/2020\/03\/ICC-Incoterms-Logo_All_Original_RGB-300x83.png 300w, https:\/\/www.rechtsanwalt-fortbildung.net\/blog\/wp-content\/uploads\/2020\/03\/ICC-Incoterms-Logo_All_Original_RGB-768x212.png 768w, https:\/\/www.rechtsanwalt-fortbildung.net\/blog\/wp-content\/uploads\/2020\/03\/ICC-Incoterms-Logo_All_Original_RGB-1536x424.png 1536w, https:\/\/www.rechtsanwalt-fortbildung.net\/blog\/wp-content\/uploads\/2020\/03\/ICC-Incoterms-Logo_All_Original_RGB-2048x565.png 2048w, https:\/\/www.rechtsanwalt-fortbildung.net\/blog\/wp-content\/uploads\/2020\/03\/ICC-Incoterms-Logo_All_Original_RGB-676x186.png 676w\" sizes=\"auto, (max-width: 1024px) 100vw, 1024px\" \/><figcaption>Incoterms 2020 auf rechtsanwalt-fortbildung.net<\/figcaption><\/figure>\n\n\n\n<p class=\"wp-block-paragraph\">Die Veranstaltung &#8222;Die Incoterms\u00ae aus juristischer Perspektive&#8220; findet am 16.06.2020 von 9 bis 16 uhr in den Design Offices in M\u00fcnchen statt.<\/p>\n\n\n\n<p class=\"wp-block-paragraph\">Hier geht es zu der Veranstaltung:<\/p>\n\n\n\n<div class=\"wp-block-button\"><a class=\"wp-block-button__link has-text-color has-white-color has-background has-accent-background-color\" href=\"https:\/\/www.rechtsanwalt-fortbildung.net\/fortbildung-15-fao\/die-incoterms-aus-juristischer-perspektive-8038\">&#8220; Die Incoterms\u00ae aus juristischer Perspektive &#8222;<\/a><\/div>\n\n\n\n<p class=\"wp-block-paragraph\">Alle Veranstaltungen des ICC Germany e.V. finden Sie hier:<\/p>\n\n\n\n<div class=\"wp-block-button\"><a class=\"wp-block-button__link has-text-color has-white-color has-background has-accent-background-color\" href=\"https:\/\/www.rechtsanwalt-fortbildung.net\/veranstalter\/icc-germany-ev-1024\">Kurse des ICC Germany e.V.<\/a><\/div>\n\n\n\n<p class=\"wp-block-paragraph\">Willkommen auf rechtsanwalt-fortbildung.net!<\/p>\n","protected":false},"excerpt":{"rendered":"<p>Wir freuen uns die International Chamber of Commerce (ICC) Germany als Partner f\u00fcr Fortbildungen im Bereich des Internationalen Wirtschaftsrechts und des Transportrechts gewonnen zu haben. Mit der aktuellen Seminarveranstaltung zu den Incoterms 2020 von Prof. Dr. Burghard Piltz und weiteren Veranstaltungen auf Top Niveau k\u00f6nnen Juristen in den oben genannten Rechtsgebieten Fortbildungsstunden nach \u00a7 15 &#8230; <a title=\"Incoterms 2020 &#8211; Fortbildung im Internationalen Wirtschaftsrecht und im Transportrecht\" class=\"read-more\" href=\"https:\/\/www.rechtsanwalt-fortbildung.net\/blog\/incoterms-2020-fortbildung-im-internationalen-wirtschaftsrecht-und-im-transportrecht\/\" aria-label=\"Mehr Informationen \u00fcber Incoterms 2020 &#8211; Fortbildung im Internationalen Wirtschaftsrecht und im Transportrecht\">Weiterlesen<\/a><\/p>\n","protected":false},"author":4,"featured_media":1278,"comment_status":"open","ping_status":"closed","sticky":false,"template":"","format":"aside","meta":{"_mbp_gutenberg_autopost":false,"footnotes":""},"categories":[110],"tags":[],"class_list":["post-1276","post","type-post","status-publish","format-aside","has-post-thumbnail","hentry","category-fortbildungspflicht-fao","post_format-post-format-aside"],"yoast_head":"<!-- This site is optimized with the Yoast SEO plugin v28.3 - https:\/\/yoast.com\/product\/yoast-seo-wordpress\/ -->\n<title>Incoterms 2020 - Fortbildung im Internationalen Wirtschaftsrecht und im Transportrecht - Wissenszentrum Fachanwalt<\/title>\n<meta name=\"description\" content=\"Sie suchen ein Update zu den Incoterms 2020 und\/oder Fachanwaltstunden im internationalen Wirtschaftsrecht oder Transportrecht? Hier sind Sie richtig!\" \/>\n<meta name=\"robots\" content=\"index, follow, max-snippet:-1, max-image-preview:large, max-video-preview:-1\" \/>\n<link rel=\"canonical\" href=\"https:\/\/www.rechtsanwalt-fortbildung.net\/blog\/incoterms-2020-fortbildung-im-internationalen-wirtschaftsrecht-und-im-transportrecht\/\" \/>\n<meta property=\"og:locale\" content=\"de_DE\" \/>\n<meta property=\"og:type\" content=\"article\" \/>\n<meta property=\"og:title\" content=\"Incoterms 2020 - Fortbildung im Internationalen Wirtschaftsrecht und im Transportrecht - Wissenszentrum Fachanwalt\" \/>\n<meta property=\"og:description\" content=\"Sie suchen ein Update zu den Incoterms 2020 und\/oder Fachanwaltstunden im internationalen Wirtschaftsrecht oder Transportrecht? Hier sind Sie richtig!\" \/>\n<meta property=\"og:url\" content=\"https:\/\/www.rechtsanwalt-fortbildung.net\/blog\/incoterms-2020-fortbildung-im-internationalen-wirtschaftsrecht-und-im-transportrecht\/\" \/>\n<meta property=\"og:site_name\" content=\"Wissenszentrum Fachanwalt\" \/>\n<meta property=\"article:publisher\" content=\"https:\/\/www.facebook.com\/rechtsanwaltfortbildung\/\" \/>\n<meta property=\"article:published_time\" content=\"2020-03-06T15:36:20+00:00\" \/>\n<meta property=\"article:modified_time\" content=\"2026-02-27T11:18:17+00:00\" \/>\n<meta property=\"og:image\" content=\"https:\/\/www.rechtsanwalt-fortbildung.net\/blog\/wp-content\/uploads\/2020\/03\/ICC-logo.png\" \/>\n\t<meta property=\"og:image:width\" content=\"347\" \/>\n\t<meta property=\"og:image:height\" content=\"99\" \/>\n\t<meta property=\"og:image:type\" content=\"image\/png\" \/>\n<meta name=\"author\" content=\"Alexander Grantz\" \/>\n<meta name=\"twitter:card\" content=\"summary_large_image\" \/>\n<meta name=\"twitter:label1\" content=\"Verfasst von\" \/>\n\t<meta name=\"twitter:data1\" content=\"Alexander Grantz\" \/>\n\t<meta name=\"twitter:label2\" content=\"Gesch\u00e4tzte Lesezeit\" \/>\n\t<meta name=\"twitter:data2\" content=\"1\u00a0Minute\" \/>\n<script type=\"application\/ld+json\" class=\"yoast-schema-graph\">{\"@context\":\"https:\\\/\\\/schema.org\",\"@graph\":[{\"@type\":\"Article\",\"@id\":\"https:\\\/\\\/www.rechtsanwalt-fortbildung.net\\\/blog\\\/incoterms-2020-fortbildung-im-internationalen-wirtschaftsrecht-und-im-transportrecht\\\/#article\",\"isPartOf\":{\"@id\":\"https:\\\/\\\/www.rechtsanwalt-fortbildung.net\\\/blog\\\/incoterms-2020-fortbildung-im-internationalen-wirtschaftsrecht-und-im-transportrecht\\\/\"},\"author\":{\"name\":\"Alexander Grantz\",\"@id\":\"https:\\\/\\\/www.rechtsanwalt-fortbildung.net\\\/blog\\\/#\\\/schema\\\/person\\\/21c9ba2ad9142a39b5921a7530d8df27\"},\"headline\":\"Incoterms 2020 &#8211; Fortbildung im Internationalen Wirtschaftsrecht und im Transportrecht\",\"datePublished\":\"2020-03-06T15:36:20+00:00\",\"dateModified\":\"2026-02-27T11:18:17+00:00\",\"mainEntityOfPage\":{\"@id\":\"https:\\\/\\\/www.rechtsanwalt-fortbildung.net\\\/blog\\\/incoterms-2020-fortbildung-im-internationalen-wirtschaftsrecht-und-im-transportrecht\\\/\"},\"wordCount\":120,\"commentCount\":0,\"publisher\":{\"@id\":\"https:\\\/\\\/www.rechtsanwalt-fortbildung.net\\\/blog\\\/#organization\"},\"image\":{\"@id\":\"https:\\\/\\\/www.rechtsanwalt-fortbildung.net\\\/blog\\\/incoterms-2020-fortbildung-im-internationalen-wirtschaftsrecht-und-im-transportrecht\\\/#primaryimage\"},\"thumbnailUrl\":\"https:\\\/\\\/www.rechtsanwalt-fortbildung.net\\\/blog\\\/wp-content\\\/uploads\\\/2020\\\/03\\\/ICC-logo.png\",\"articleSection\":[\"Fortbildungspflicht \u00a7 15 FAO\"],\"inLanguage\":\"de\",\"potentialAction\":[{\"@type\":\"CommentAction\",\"name\":\"Comment\",\"target\":[\"https:\\\/\\\/www.rechtsanwalt-fortbildung.net\\\/blog\\\/incoterms-2020-fortbildung-im-internationalen-wirtschaftsrecht-und-im-transportrecht\\\/#respond\"]}]},{\"@type\":\"WebPage\",\"@id\":\"https:\\\/\\\/www.rechtsanwalt-fortbildung.net\\\/blog\\\/incoterms-2020-fortbildung-im-internationalen-wirtschaftsrecht-und-im-transportrecht\\\/\",\"url\":\"https:\\\/\\\/www.rechtsanwalt-fortbildung.net\\\/blog\\\/incoterms-2020-fortbildung-im-internationalen-wirtschaftsrecht-und-im-transportrecht\\\/\",\"name\":\"Incoterms 2020 - Fortbildung im Internationalen Wirtschaftsrecht und im Transportrecht - Wissenszentrum Fachanwalt\",\"isPartOf\":{\"@id\":\"https:\\\/\\\/www.rechtsanwalt-fortbildung.net\\\/blog\\\/#website\"},\"primaryImageOfPage\":{\"@id\":\"https:\\\/\\\/www.rechtsanwalt-fortbildung.net\\\/blog\\\/incoterms-2020-fortbildung-im-internationalen-wirtschaftsrecht-und-im-transportrecht\\\/#primaryimage\"},\"image\":{\"@id\":\"https:\\\/\\\/www.rechtsanwalt-fortbildung.net\\\/blog\\\/incoterms-2020-fortbildung-im-internationalen-wirtschaftsrecht-und-im-transportrecht\\\/#primaryimage\"},\"thumbnailUrl\":\"https:\\\/\\\/www.rechtsanwalt-fortbildung.net\\\/blog\\\/wp-content\\\/uploads\\\/2020\\\/03\\\/ICC-logo.png\",\"datePublished\":\"2020-03-06T15:36:20+00:00\",\"dateModified\":\"2026-02-27T11:18:17+00:00\",\"description\":\"Sie suchen ein Update zu den Incoterms 2020 und\\\/oder Fachanwaltstunden im internationalen Wirtschaftsrecht oder Transportrecht? Hier sind Sie richtig!\",\"breadcrumb\":{\"@id\":\"https:\\\/\\\/www.rechtsanwalt-fortbildung.net\\\/blog\\\/incoterms-2020-fortbildung-im-internationalen-wirtschaftsrecht-und-im-transportrecht\\\/#breadcrumb\"},\"inLanguage\":\"de\",\"potentialAction\":[{\"@type\":\"ReadAction\",\"target\":[\"https:\\\/\\\/www.rechtsanwalt-fortbildung.net\\\/blog\\\/incoterms-2020-fortbildung-im-internationalen-wirtschaftsrecht-und-im-transportrecht\\\/\"]}]},{\"@type\":\"ImageObject\",\"inLanguage\":\"de\",\"@id\":\"https:\\\/\\\/www.rechtsanwalt-fortbildung.net\\\/blog\\\/incoterms-2020-fortbildung-im-internationalen-wirtschaftsrecht-und-im-transportrecht\\\/#primaryimage\",\"url\":\"https:\\\/\\\/www.rechtsanwalt-fortbildung.net\\\/blog\\\/wp-content\\\/uploads\\\/2020\\\/03\\\/ICC-logo.png\",\"contentUrl\":\"https:\\\/\\\/www.rechtsanwalt-fortbildung.net\\\/blog\\\/wp-content\\\/uploads\\\/2020\\\/03\\\/ICC-logo.png\",\"width\":347,\"height\":99},{\"@type\":\"BreadcrumbList\",\"@id\":\"https:\\\/\\\/www.rechtsanwalt-fortbildung.net\\\/blog\\\/incoterms-2020-fortbildung-im-internationalen-wirtschaftsrecht-und-im-transportrecht\\\/#breadcrumb\",\"itemListElement\":[{\"@type\":\"ListItem\",\"position\":1,\"name\":\"Startseite\",\"item\":\"https:\\\/\\\/www.rechtsanwalt-fortbildung.net\\\/blog\\\/\"},{\"@type\":\"ListItem\",\"position\":2,\"name\":\"Incoterms 2020 &#8211; Fortbildung im Internationalen Wirtschaftsrecht und im Transportrecht\"}]},{\"@type\":\"WebSite\",\"@id\":\"https:\\\/\\\/www.rechtsanwalt-fortbildung.net\\\/blog\\\/#website\",\"url\":\"https:\\\/\\\/www.rechtsanwalt-fortbildung.net\\\/blog\\\/\",\"name\":\"rechtsanwalt-fortbildung.net\",\"description\":\"Das Wissenszentrum zur \u00a7 15 FAO Fortbildungspflicht\",\"publisher\":{\"@id\":\"https:\\\/\\\/www.rechtsanwalt-fortbildung.net\\\/blog\\\/#organization\"},\"potentialAction\":[{\"@type\":\"SearchAction\",\"target\":{\"@type\":\"EntryPoint\",\"urlTemplate\":\"https:\\\/\\\/www.rechtsanwalt-fortbildung.net\\\/blog\\\/?s={search_term_string}\"},\"query-input\":{\"@type\":\"PropertyValueSpecification\",\"valueRequired\":true,\"valueName\":\"search_term_string\"}}],\"inLanguage\":\"de\"},{\"@type\":\"Organization\",\"@id\":\"https:\\\/\\\/www.rechtsanwalt-fortbildung.net\\\/blog\\\/#organization\",\"name\":\"rechtsanwalt-fortbildung.net\",\"url\":\"https:\\\/\\\/www.rechtsanwalt-fortbildung.net\\\/blog\\\/\",\"logo\":{\"@type\":\"ImageObject\",\"inLanguage\":\"de\",\"@id\":\"https:\\\/\\\/www.rechtsanwalt-fortbildung.net\\\/blog\\\/#\\\/schema\\\/logo\\\/image\\\/\",\"url\":\"https:\\\/\\\/www.rechtsanwalt-fortbildung.net\\\/blog\\\/wp-content\\\/uploads\\\/2026\\\/03\\\/cropped-Logo-Rechteck-140x70-1.png\",\"contentUrl\":\"https:\\\/\\\/www.rechtsanwalt-fortbildung.net\\\/blog\\\/wp-content\\\/uploads\\\/2026\\\/03\\\/cropped-Logo-Rechteck-140x70-1.png\",\"width\":140,\"height\":70,\"caption\":\"rechtsanwalt-fortbildung.net\"},\"image\":{\"@id\":\"https:\\\/\\\/www.rechtsanwalt-fortbildung.net\\\/blog\\\/#\\\/schema\\\/logo\\\/image\\\/\"},\"sameAs\":[\"https:\\\/\\\/www.facebook.com\\\/rechtsanwaltfortbildung\\\/\",\"https:\\\/\\\/www.linkedin.com\\\/company\\\/11808981\"]},{\"@type\":\"Person\",\"@id\":\"https:\\\/\\\/www.rechtsanwalt-fortbildung.net\\\/blog\\\/#\\\/schema\\\/person\\\/21c9ba2ad9142a39b5921a7530d8df27\",\"name\":\"Alexander Grantz\",\"image\":{\"@type\":\"ImageObject\",\"inLanguage\":\"de\",\"@id\":\"https:\\\/\\\/secure.gravatar.com\\\/avatar\\\/97a81a910761df8fc11bf0a8e73192ad17a106dc3861deab9eef19e7d6bcbd16?s=96&d=mm&r=g\",\"url\":\"https:\\\/\\\/secure.gravatar.com\\\/avatar\\\/97a81a910761df8fc11bf0a8e73192ad17a106dc3861deab9eef19e7d6bcbd16?s=96&d=mm&r=g\",\"contentUrl\":\"https:\\\/\\\/secure.gravatar.com\\\/avatar\\\/97a81a910761df8fc11bf0a8e73192ad17a106dc3861deab9eef19e7d6bcbd16?s=96&d=mm&r=g\",\"caption\":\"Alexander Grantz\"},\"description\":\"Alexander Grantz ist zugelassener Rechtsanwalt und Mediator. Er hat rechtsanwalt-fortbildung.net gegr\u00fcndet \u2013 das Portal, \u00fcber das Anw\u00e4ltinnen und Anw\u00e4lte Fortbildungen nach \u00a7 15 FAO von mehr als 50 Anbietern vergleichen und buchen. Die Fortbildungspflicht kennt er aus beiden Richtungen: als Tr\u00e4ger einer Fachanwaltsbezeichnung, der die 15 Stunden jedes Jahr selbst erf\u00fcllt, und als Betreiber der Plattform, \u00fcber die andere sie erf\u00fcllen.\",\"sameAs\":[\"https:\\\/\\\/www.linkedin.com\\\/in\\\/alexander-grantz1\\\/\"],\"jobTitle\":\"Rechtsanwalt und Mediator\",\"honorificPrefix\":\"Rechtsanwalt\",\"worksFor\":{\"@type\":\"Organization\",\"name\":\"rechtsanwalt-fortbildung.net\",\"url\":\"https:\\\/\\\/www.rechtsanwalt-fortbildung.net\\\/\"},\"hasCredential\":[{\"@type\":\"EducationalOccupationalCredential\",\"credentialCategory\":\"Zulassung zur Rechtsanwaltschaft\",\"recognizedBy\":{\"@type\":\"Organization\",\"name\":\"Rechtsanwaltskammer\"}},{\"@type\":\"EducationalOccupationalCredential\",\"credentialCategory\":\"Fachanwaltsbezeichnung nach der Fachanwaltsordnung (FAO)\"},{\"@type\":\"EducationalOccupationalCredential\",\"credentialCategory\":\"Mediator\"}],\"knowsAbout\":[\"Fachanwaltsordnung\",\"Fortbildungspflicht nach \u00a7 15 FAO\",\"Anwaltliches Berufsrecht\",\"Fachanwaltslehrgang\",\"Mediation\"]}]}<\/script>\n<!-- \/ Yoast SEO plugin. -->","yoast_head_json":{"title":"Incoterms 2020 - Fortbildung im Internationalen Wirtschaftsrecht und im Transportrecht - Wissenszentrum Fachanwalt","description":"Sie suchen ein Update zu den Incoterms 2020 und\/oder Fachanwaltstunden im internationalen Wirtschaftsrecht oder Transportrecht? Hier sind Sie richtig!","robots":{"index":"index","follow":"follow","max-snippet":"max-snippet:-1","max-image-preview":"max-image-preview:large","max-video-preview":"max-video-preview:-1"},"canonical":"https:\/\/www.rechtsanwalt-fortbildung.net\/blog\/incoterms-2020-fortbildung-im-internationalen-wirtschaftsrecht-und-im-transportrecht\/","og_locale":"de_DE","og_type":"article","og_title":"Incoterms 2020 - Fortbildung im Internationalen Wirtschaftsrecht und im Transportrecht - Wissenszentrum Fachanwalt","og_description":"Sie suchen ein Update zu den Incoterms 2020 und\/oder Fachanwaltstunden im internationalen Wirtschaftsrecht oder Transportrecht? Hier sind Sie richtig!","og_url":"https:\/\/www.rechtsanwalt-fortbildung.net\/blog\/incoterms-2020-fortbildung-im-internationalen-wirtschaftsrecht-und-im-transportrecht\/","og_site_name":"Wissenszentrum Fachanwalt","article_publisher":"https:\/\/www.facebook.com\/rechtsanwaltfortbildung\/","article_published_time":"2020-03-06T15:36:20+00:00","article_modified_time":"2026-02-27T11:18:17+00:00","og_image":[{"width":347,"height":99,"url":"https:\/\/www.rechtsanwalt-fortbildung.net\/blog\/wp-content\/uploads\/2020\/03\/ICC-logo.png","type":"image\/png"}],"author":"Alexander Grantz","twitter_card":"summary_large_image","twitter_misc":{"Verfasst von":"Alexander Grantz","Gesch\u00e4tzte Lesezeit":"1\u00a0Minute"},"schema":{"@context":"https:\/\/schema.org","@graph":[{"@type":"Article","@id":"https:\/\/www.rechtsanwalt-fortbildung.net\/blog\/incoterms-2020-fortbildung-im-internationalen-wirtschaftsrecht-und-im-transportrecht\/#article","isPartOf":{"@id":"https:\/\/www.rechtsanwalt-fortbildung.net\/blog\/incoterms-2020-fortbildung-im-internationalen-wirtschaftsrecht-und-im-transportrecht\/"},"author":{"name":"Alexander Grantz","@id":"https:\/\/www.rechtsanwalt-fortbildung.net\/blog\/#\/schema\/person\/21c9ba2ad9142a39b5921a7530d8df27"},"headline":"Incoterms 2020 &#8211; Fortbildung im Internationalen Wirtschaftsrecht und im Transportrecht","datePublished":"2020-03-06T15:36:20+00:00","dateModified":"2026-02-27T11:18:17+00:00","mainEntityOfPage":{"@id":"https:\/\/www.rechtsanwalt-fortbildung.net\/blog\/incoterms-2020-fortbildung-im-internationalen-wirtschaftsrecht-und-im-transportrecht\/"},"wordCount":120,"commentCount":0,"publisher":{"@id":"https:\/\/www.rechtsanwalt-fortbildung.net\/blog\/#organization"},"image":{"@id":"https:\/\/www.rechtsanwalt-fortbildung.net\/blog\/incoterms-2020-fortbildung-im-internationalen-wirtschaftsrecht-und-im-transportrecht\/#primaryimage"},"thumbnailUrl":"https:\/\/www.rechtsanwalt-fortbildung.net\/blog\/wp-content\/uploads\/2020\/03\/ICC-logo.png","articleSection":["Fortbildungspflicht \u00a7 15 FAO"],"inLanguage":"de","potentialAction":[{"@type":"CommentAction","name":"Comment","target":["https:\/\/www.rechtsanwalt-fortbildung.net\/blog\/incoterms-2020-fortbildung-im-internationalen-wirtschaftsrecht-und-im-transportrecht\/#respond"]}]},{"@type":"WebPage","@id":"https:\/\/www.rechtsanwalt-fortbildung.net\/blog\/incoterms-2020-fortbildung-im-internationalen-wirtschaftsrecht-und-im-transportrecht\/","url":"https:\/\/www.rechtsanwalt-fortbildung.net\/blog\/incoterms-2020-fortbildung-im-internationalen-wirtschaftsrecht-und-im-transportrecht\/","name":"Incoterms 2020 - Fortbildung im Internationalen Wirtschaftsrecht und im Transportrecht - Wissenszentrum Fachanwalt","isPartOf":{"@id":"https:\/\/www.rechtsanwalt-fortbildung.net\/blog\/#website"},"primaryImageOfPage":{"@id":"https:\/\/www.rechtsanwalt-fortbildung.net\/blog\/incoterms-2020-fortbildung-im-internationalen-wirtschaftsrecht-und-im-transportrecht\/#primaryimage"},"image":{"@id":"https:\/\/www.rechtsanwalt-fortbildung.net\/blog\/incoterms-2020-fortbildung-im-internationalen-wirtschaftsrecht-und-im-transportrecht\/#primaryimage"},"thumbnailUrl":"https:\/\/www.rechtsanwalt-fortbildung.net\/blog\/wp-content\/uploads\/2020\/03\/ICC-logo.png","datePublished":"2020-03-06T15:36:20+00:00","dateModified":"2026-02-27T11:18:17+00:00","description":"Sie suchen ein Update zu den Incoterms 2020 und\/oder Fachanwaltstunden im internationalen Wirtschaftsrecht oder Transportrecht? Hier sind Sie richtig!","breadcrumb":{"@id":"https:\/\/www.rechtsanwalt-fortbildung.net\/blog\/incoterms-2020-fortbildung-im-internationalen-wirtschaftsrecht-und-im-transportrecht\/#breadcrumb"},"inLanguage":"de","potentialAction":[{"@type":"ReadAction","target":["https:\/\/www.rechtsanwalt-fortbildung.net\/blog\/incoterms-2020-fortbildung-im-internationalen-wirtschaftsrecht-und-im-transportrecht\/"]}]},{"@type":"ImageObject","inLanguage":"de","@id":"https:\/\/www.rechtsanwalt-fortbildung.net\/blog\/incoterms-2020-fortbildung-im-internationalen-wirtschaftsrecht-und-im-transportrecht\/#primaryimage","url":"https:\/\/www.rechtsanwalt-fortbildung.net\/blog\/wp-content\/uploads\/2020\/03\/ICC-logo.png","contentUrl":"https:\/\/www.rechtsanwalt-fortbildung.net\/blog\/wp-content\/uploads\/2020\/03\/ICC-logo.png","width":347,"height":99},{"@type":"BreadcrumbList","@id":"https:\/\/www.rechtsanwalt-fortbildung.net\/blog\/incoterms-2020-fortbildung-im-internationalen-wirtschaftsrecht-und-im-transportrecht\/#breadcrumb","itemListElement":[{"@type":"ListItem","position":1,"name":"Startseite","item":"https:\/\/www.rechtsanwalt-fortbildung.net\/blog\/"},{"@type":"ListItem","position":2,"name":"Incoterms 2020 &#8211; Fortbildung im Internationalen Wirtschaftsrecht und im Transportrecht"}]},{"@type":"WebSite","@id":"https:\/\/www.rechtsanwalt-fortbildung.net\/blog\/#website","url":"https:\/\/www.rechtsanwalt-fortbildung.net\/blog\/","name":"rechtsanwalt-fortbildung.net","description":"Das Wissenszentrum zur \u00a7 15 FAO Fortbildungspflicht","publisher":{"@id":"https:\/\/www.rechtsanwalt-fortbildung.net\/blog\/#organization"},"potentialAction":[{"@type":"SearchAction","target":{"@type":"EntryPoint","urlTemplate":"https:\/\/www.rechtsanwalt-fortbildung.net\/blog\/?s={search_term_string}"},"query-input":{"@type":"PropertyValueSpecification","valueRequired":true,"valueName":"search_term_string"}}],"inLanguage":"de"},{"@type":"Organization","@id":"https:\/\/www.rechtsanwalt-fortbildung.net\/blog\/#organization","name":"rechtsanwalt-fortbildung.net","url":"https:\/\/www.rechtsanwalt-fortbildung.net\/blog\/","logo":{"@type":"ImageObject","inLanguage":"de","@id":"https:\/\/www.rechtsanwalt-fortbildung.net\/blog\/#\/schema\/logo\/image\/","url":"https:\/\/www.rechtsanwalt-fortbildung.net\/blog\/wp-content\/uploads\/2026\/03\/cropped-Logo-Rechteck-140x70-1.png","contentUrl":"https:\/\/www.rechtsanwalt-fortbildung.net\/blog\/wp-content\/uploads\/2026\/03\/cropped-Logo-Rechteck-140x70-1.png","width":140,"height":70,"caption":"rechtsanwalt-fortbildung.net"},"image":{"@id":"https:\/\/www.rechtsanwalt-fortbildung.net\/blog\/#\/schema\/logo\/image\/"},"sameAs":["https:\/\/www.facebook.com\/rechtsanwaltfortbildung\/","https:\/\/www.linkedin.com\/company\/11808981"]},{"@type":"Person","@id":"https:\/\/www.rechtsanwalt-fortbildung.net\/blog\/#\/schema\/person\/21c9ba2ad9142a39b5921a7530d8df27","name":"Alexander Grantz","image":{"@type":"ImageObject","inLanguage":"de","@id":"https:\/\/secure.gravatar.com\/avatar\/97a81a910761df8fc11bf0a8e73192ad17a106dc3861deab9eef19e7d6bcbd16?s=96&d=mm&r=g","url":"https:\/\/secure.gravatar.com\/avatar\/97a81a910761df8fc11bf0a8e73192ad17a106dc3861deab9eef19e7d6bcbd16?s=96&d=mm&r=g","contentUrl":"https:\/\/secure.gravatar.com\/avatar\/97a81a910761df8fc11bf0a8e73192ad17a106dc3861deab9eef19e7d6bcbd16?s=96&d=mm&r=g","caption":"Alexander Grantz"},"description":"Alexander Grantz ist zugelassener Rechtsanwalt und Mediator. Er hat rechtsanwalt-fortbildung.net gegr\u00fcndet \u2013 das Portal, \u00fcber das Anw\u00e4ltinnen und Anw\u00e4lte Fortbildungen nach \u00a7 15 FAO von mehr als 50 Anbietern vergleichen und buchen. Die Fortbildungspflicht kennt er aus beiden Richtungen: als Tr\u00e4ger einer Fachanwaltsbezeichnung, der die 15 Stunden jedes Jahr selbst erf\u00fcllt, und als Betreiber der Plattform, \u00fcber die andere sie erf\u00fcllen.","sameAs":["https:\/\/www.linkedin.com\/in\/alexander-grantz1\/"],"jobTitle":"Rechtsanwalt und Mediator","honorificPrefix":"Rechtsanwalt","worksFor":{"@type":"Organization","name":"rechtsanwalt-fortbildung.net","url":"https:\/\/www.rechtsanwalt-fortbildung.net\/"},"hasCredential":[{"@type":"EducationalOccupationalCredential","credentialCategory":"Zulassung zur Rechtsanwaltschaft","recognizedBy":{"@type":"Organization","name":"Rechtsanwaltskammer"}},{"@type":"EducationalOccupationalCredential","credentialCategory":"Fachanwaltsbezeichnung nach der Fachanwaltsordnung (FAO)"},{"@type":"EducationalOccupationalCredential","credentialCategory":"Mediator"}],"knowsAbout":["Fachanwaltsordnung","Fortbildungspflicht nach \u00a7 15 FAO","Anwaltliches Berufsrecht","Fachanwaltslehrgang","Mediation"]}]}},"_links":{"self":[{"href":"https:\/\/www.rechtsanwalt-fortbildung.net\/blog\/wp-json\/wp\/v2\/posts\/1276","targetHints":{"allow":["GET"]}}],"collection":[{"href":"https:\/\/www.rechtsanwalt-fortbildung.net\/blog\/wp-json\/wp\/v2\/posts"}],"about":[{"href":"https:\/\/www.rechtsanwalt-fortbildung.net\/blog\/wp-json\/wp\/v2\/types\/post"}],"author":[{"embeddable":true,"href":"https:\/\/www.rechtsanwalt-fortbildung.net\/blog\/wp-json\/wp\/v2\/users\/4"}],"replies":[{"embeddable":true,"href":"https:\/\/www.rechtsanwalt-fortbildung.net\/blog\/wp-json\/wp\/v2\/comments?post=1276"}],"version-history":[{"count":2,"href":"https:\/\/www.rechtsanwalt-fortbildung.net\/blog\/wp-json\/wp\/v2\/posts\/1276\/revisions"}],"predecessor-version":[{"id":1280,"href":"https:\/\/www.rechtsanwalt-fortbildung.net\/blog\/wp-json\/wp\/v2\/posts\/1276\/revisions\/1280"}],"wp:featuredmedia":[{"embeddable":true,"href":"https:\/\/www.rechtsanwalt-fortbildung.net\/blog\/wp-json\/wp\/v2\/media\/1278"}],"wp:attachment":[{"href":"https:\/\/www.rechtsanwalt-fortbildung.net\/blog\/wp-json\/wp\/v2\/media?parent=1276"}],"wp:term":[{"taxonomy":"category","embeddable":true,"href":"https:\/\/www.rechtsanwalt-fortbildung.net\/blog\/wp-json\/wp\/v2\/categories?post=1276"},{"taxonomy":"post_tag","embeddable":true,"href":"https:\/\/www.rechtsanwalt-fortbildung.net\/blog\/wp-json\/wp\/v2\/tags?post=1276"}],"curies":[{"name":"wp","href":"https:\/\/api.w.org\/{rel}","templated":true}]}}