{"id":1540,"date":"2020-06-18T08:33:35","date_gmt":"2020-06-18T06:33:35","guid":{"rendered":"https:\/\/www.rechtsanwalt-fortbildung.net\/blog\/?p=1540"},"modified":"2026-02-27T12:14:07","modified_gmt":"2026-02-27T11:14:07","slug":"anwaltsverguetung-und-aenderung-der-umsatzsteuer-online-kurs","status":"publish","type":"post","link":"https:\/\/www.rechtsanwalt-fortbildung.net\/blog\/anwaltsverguetung-und-aenderung-der-umsatzsteuer-online-kurs\/","title":{"rendered":"Anwaltsverg\u00fctung und \u00c4nderung der Umsatzsteuer &#8211; Online Kurs"},"content":{"rendered":"\n<p class=\"wp-block-paragraph\"><strong>Welche Auswirkungen hat die \u00c4nderung der Umsatzsteuer<\/strong> von 19 % auf 16 %  <strong>f\u00fcr mich als Rechtsanwalt?<\/strong> Diese Frage behandelt ein aktueller Online Kurs der ARBER Seminare. Hier erfahren Sie auch, wie Sie Fehler bei der Abrechnung Ihrer anwaltlichen Verg\u00fctung vermeiden.<\/p>\n\n\n\n<p class=\"wp-block-paragraph\">Der Kurs findet passend zum Inkrafttreten der Gesetzes\u00e4nderung am<strong> 01.07.2020<\/strong>  von <strong>16 -17.30 Uhr<\/strong> und dann nochmals mit gleichem Inhalt am <strong>03.07.2020<\/strong>  von <strong>11 -12.30 Uhr<\/strong> statt und richtet sich an Rechtsanw\u00e4ltinnen und Rechtsanw\u00e4lte und der Mitarbeiter. Bei einer Kursdauer von 1,5 Stunden kostet der Kurs <strong>69,00 \u20ac zzgl. MwSt.<\/strong><\/p>\n\n\n\n<div class=\"wp-block-buttons aligncenter is-layout-flex wp-block-buttons-is-layout-flex\">\n<div class=\"wp-block-button\"><a class=\"wp-block-button__link has-white-color has-accent-background-color has-text-color has-background\" href=\"https:\/\/www.rechtsanwalt-fortbildung.net\/fortbildung-15-fao\/aenderung-der-umsatzsteuer-zum-01072020-auswirkungen-auf-die-anwaltsverguetung-online-8877\">Zum Kurs<\/a><\/div>\n<\/div>\n\n\n\n<p class=\"wp-block-paragraph\">In dem Kurs werden folgende Themen behandelt:<\/p>\n\n\n\n<!--more-->\n\n\n\n<p class=\"wp-block-paragraph\"><\/p>\n\n\n\n<p class=\"wp-block-paragraph\"><strong>Gesetzliche Grundlagen<\/strong><br><strong>Probleme f\u00fcr die Anwaltsgeb\u00fchrenrechnung<\/strong><\/p>\n\n\n\n<ul class=\"wp-block-list\"><li>Fragen der F\u00e4lligkeit<\/li><li>Abrechnung bei Zwangsvollstreckung<\/li><li>Anrechnungen\/R\u00fcckw\u00e4rtsanrechnung<\/li><li>Teilleistungen<\/li><li>Mehrere Auftraggeber<\/li><li>Ber\u00fccksichtigung von Vorschusszahlungen mit abweichendem Steuersatz<\/li><li>Falsch berechnet \u2013 was tun?<\/li><\/ul>\n\n\n\n<p class=\"wp-block-paragraph\">Zum Seminar geh\u00f6ren ein umfangreiches Skriptum und eine Checkliste f\u00fcr den t\u00e4glichen Gebrauch.&nbsp; Dozent ist Herr  Dipl. Rechtspfleger Thomas Schmidt, der \u00fcber jahrzehntelange Erfahrung als Rechtspfleger und Dozent im anwaltlichen Geb\u00fchrenrecht hat.<\/p>\n\n\n\n<p class=\"wp-block-paragraph\"><strong>Bitte beachten Sie, dass es sich  nicht um eine Fortbildung nach \u00a7 15 FAO handelt und daher auch keine entsprechende Fortbildungsbescheinigung ausgestellt wird.<\/strong><\/p>\n\n\n\n<p class=\"wp-block-paragraph\">Sie sind auf der Suche nach Fortbildungen nach \u00a7 15 FAO oder nach einem Fachanwaltslehrgang? Dann finden Sie auf unserem Portal den passenden Kurs:<\/p>\n\n\n\n<div class=\"wp-block-buttons aligncenter is-layout-flex wp-block-buttons-is-layout-flex\">\n<div class=\"wp-block-button\"><a class=\"wp-block-button__link has-white-color has-accent-background-color has-text-color has-background\" href=\"https:\/\/www.rechtsanwalt-fortbildung.net\/\" target=\"_blank\" rel=\"noreferrer noopener\">Zum Portal<\/a><\/div>\n<\/div>\n\n\n\n<p class=\"wp-block-paragraph\"><\/p>\n","protected":false},"excerpt":{"rendered":"<p>Welche Auswirkungen hat die \u00c4nderung der Umsatzsteuer von 19 % auf 16 % f\u00fcr mich als Rechtsanwalt? Diese Frage behandelt ein aktueller Online Kurs der ARBER Seminare. Hier erfahren Sie auch, wie Sie Fehler bei der Abrechnung Ihrer anwaltlichen Verg\u00fctung vermeiden. Der Kurs findet passend zum Inkrafttreten der Gesetzes\u00e4nderung am 01.07.2020 von 16 -17.30 Uhr &#8230; <a title=\"Anwaltsverg\u00fctung und \u00c4nderung der Umsatzsteuer &#8211; Online Kurs\" class=\"read-more\" href=\"https:\/\/www.rechtsanwalt-fortbildung.net\/blog\/anwaltsverguetung-und-aenderung-der-umsatzsteuer-online-kurs\/\" aria-label=\"Mehr Informationen \u00fcber Anwaltsverg\u00fctung und \u00c4nderung der Umsatzsteuer &#8211; Online Kurs\">Weiterlesen<\/a><\/p>\n","protected":false},"author":4,"featured_media":1541,"comment_status":"open","ping_status":"closed","sticky":false,"template":"","format":"standard","meta":{"_mbp_gutenberg_autopost":false,"footnotes":""},"categories":[112],"tags":[],"class_list":["post-1540","post","type-post","status-publish","format-standard","has-post-thumbnail","hentry","category-praxis-kanzlei"],"yoast_head":"<!-- This site is optimized with the Yoast SEO plugin v28.3 - https:\/\/yoast.com\/product\/yoast-seo-wordpress\/ -->\n<title>Anwaltsverg\u00fctung und \u00c4nderung der Umsatzsteuer - Online Kurs - Wissenszentrum Fachanwalt<\/title>\n<meta name=\"description\" content=\"Welche Auswirkungen hat die \u00c4nderung der Umsatzsteuer von 19 auf 16 % f\u00fcr mich als Rechtsanwalt? Kompaktes 1,5 Stunden Online Seminar jetzt verf\u00fcgbar.\" \/>\n<meta name=\"robots\" content=\"index, follow, max-snippet:-1, max-image-preview:large, max-video-preview:-1\" \/>\n<link rel=\"canonical\" href=\"https:\/\/www.rechtsanwalt-fortbildung.net\/blog\/anwaltsverguetung-und-aenderung-der-umsatzsteuer-online-kurs\/\" \/>\n<meta property=\"og:locale\" content=\"de_DE\" \/>\n<meta property=\"og:type\" content=\"article\" \/>\n<meta property=\"og:title\" content=\"Anwaltsverg\u00fctung und \u00c4nderung der Umsatzsteuer - Online Kurs - Wissenszentrum Fachanwalt\" \/>\n<meta property=\"og:description\" content=\"Welche Auswirkungen hat die \u00c4nderung der Umsatzsteuer von 19 auf 16 % f\u00fcr mich als Rechtsanwalt? Kompaktes 1,5 Stunden Online Seminar jetzt verf\u00fcgbar.\" \/>\n<meta property=\"og:url\" content=\"https:\/\/www.rechtsanwalt-fortbildung.net\/blog\/anwaltsverguetung-und-aenderung-der-umsatzsteuer-online-kurs\/\" \/>\n<meta property=\"og:site_name\" content=\"Wissenszentrum Fachanwalt\" \/>\n<meta property=\"article:publisher\" content=\"https:\/\/www.facebook.com\/rechtsanwaltfortbildung\/\" \/>\n<meta property=\"article:published_time\" content=\"2020-06-18T06:33:35+00:00\" \/>\n<meta property=\"article:modified_time\" content=\"2026-02-27T11:14:07+00:00\" \/>\n<meta property=\"og:image\" content=\"https:\/\/www.rechtsanwalt-fortbildung.net\/blog\/wp-content\/uploads\/2020\/06\/Kurs-USt.png\" \/>\n\t<meta property=\"og:image:width\" content=\"1200\" \/>\n\t<meta property=\"og:image:height\" content=\"626\" \/>\n\t<meta property=\"og:image:type\" content=\"image\/png\" \/>\n<meta name=\"author\" content=\"Alexander Grantz\" \/>\n<meta name=\"twitter:card\" content=\"summary_large_image\" \/>\n<meta name=\"twitter:label1\" content=\"Verfasst von\" \/>\n\t<meta name=\"twitter:data1\" content=\"Alexander Grantz\" \/>\n\t<meta name=\"twitter:label2\" content=\"Gesch\u00e4tzte Lesezeit\" \/>\n\t<meta name=\"twitter:data2\" content=\"1\u00a0Minute\" \/>\n<script type=\"application\/ld+json\" class=\"yoast-schema-graph\">{\"@context\":\"https:\\\/\\\/schema.org\",\"@graph\":[{\"@type\":\"Article\",\"@id\":\"https:\\\/\\\/www.rechtsanwalt-fortbildung.net\\\/blog\\\/anwaltsverguetung-und-aenderung-der-umsatzsteuer-online-kurs\\\/#article\",\"isPartOf\":{\"@id\":\"https:\\\/\\\/www.rechtsanwalt-fortbildung.net\\\/blog\\\/anwaltsverguetung-und-aenderung-der-umsatzsteuer-online-kurs\\\/\"},\"author\":{\"name\":\"Alexander Grantz\",\"@id\":\"https:\\\/\\\/www.rechtsanwalt-fortbildung.net\\\/blog\\\/#\\\/schema\\\/person\\\/21c9ba2ad9142a39b5921a7530d8df27\"},\"headline\":\"Anwaltsverg\u00fctung und \u00c4nderung der Umsatzsteuer &#8211; Online Kurs\",\"datePublished\":\"2020-06-18T06:33:35+00:00\",\"dateModified\":\"2026-02-27T11:14:07+00:00\",\"mainEntityOfPage\":{\"@id\":\"https:\\\/\\\/www.rechtsanwalt-fortbildung.net\\\/blog\\\/anwaltsverguetung-und-aenderung-der-umsatzsteuer-online-kurs\\\/\"},\"wordCount\":218,\"commentCount\":0,\"publisher\":{\"@id\":\"https:\\\/\\\/www.rechtsanwalt-fortbildung.net\\\/blog\\\/#organization\"},\"image\":{\"@id\":\"https:\\\/\\\/www.rechtsanwalt-fortbildung.net\\\/blog\\\/anwaltsverguetung-und-aenderung-der-umsatzsteuer-online-kurs\\\/#primaryimage\"},\"thumbnailUrl\":\"https:\\\/\\\/www.rechtsanwalt-fortbildung.net\\\/blog\\\/wp-content\\\/uploads\\\/2020\\\/06\\\/Kurs-USt.png\",\"articleSection\":[\"Praxis f\u00fcr Kanzleien\"],\"inLanguage\":\"de\",\"potentialAction\":[{\"@type\":\"CommentAction\",\"name\":\"Comment\",\"target\":[\"https:\\\/\\\/www.rechtsanwalt-fortbildung.net\\\/blog\\\/anwaltsverguetung-und-aenderung-der-umsatzsteuer-online-kurs\\\/#respond\"]}]},{\"@type\":\"WebPage\",\"@id\":\"https:\\\/\\\/www.rechtsanwalt-fortbildung.net\\\/blog\\\/anwaltsverguetung-und-aenderung-der-umsatzsteuer-online-kurs\\\/\",\"url\":\"https:\\\/\\\/www.rechtsanwalt-fortbildung.net\\\/blog\\\/anwaltsverguetung-und-aenderung-der-umsatzsteuer-online-kurs\\\/\",\"name\":\"Anwaltsverg\u00fctung und \u00c4nderung der Umsatzsteuer - Online Kurs - Wissenszentrum Fachanwalt\",\"isPartOf\":{\"@id\":\"https:\\\/\\\/www.rechtsanwalt-fortbildung.net\\\/blog\\\/#website\"},\"primaryImageOfPage\":{\"@id\":\"https:\\\/\\\/www.rechtsanwalt-fortbildung.net\\\/blog\\\/anwaltsverguetung-und-aenderung-der-umsatzsteuer-online-kurs\\\/#primaryimage\"},\"image\":{\"@id\":\"https:\\\/\\\/www.rechtsanwalt-fortbildung.net\\\/blog\\\/anwaltsverguetung-und-aenderung-der-umsatzsteuer-online-kurs\\\/#primaryimage\"},\"thumbnailUrl\":\"https:\\\/\\\/www.rechtsanwalt-fortbildung.net\\\/blog\\\/wp-content\\\/uploads\\\/2020\\\/06\\\/Kurs-USt.png\",\"datePublished\":\"2020-06-18T06:33:35+00:00\",\"dateModified\":\"2026-02-27T11:14:07+00:00\",\"description\":\"Welche Auswirkungen hat die \u00c4nderung der Umsatzsteuer von 19 auf 16 % f\u00fcr mich als Rechtsanwalt? Kompaktes 1,5 Stunden Online Seminar jetzt verf\u00fcgbar.\",\"breadcrumb\":{\"@id\":\"https:\\\/\\\/www.rechtsanwalt-fortbildung.net\\\/blog\\\/anwaltsverguetung-und-aenderung-der-umsatzsteuer-online-kurs\\\/#breadcrumb\"},\"inLanguage\":\"de\",\"potentialAction\":[{\"@type\":\"ReadAction\",\"target\":[\"https:\\\/\\\/www.rechtsanwalt-fortbildung.net\\\/blog\\\/anwaltsverguetung-und-aenderung-der-umsatzsteuer-online-kurs\\\/\"]}]},{\"@type\":\"ImageObject\",\"inLanguage\":\"de\",\"@id\":\"https:\\\/\\\/www.rechtsanwalt-fortbildung.net\\\/blog\\\/anwaltsverguetung-und-aenderung-der-umsatzsteuer-online-kurs\\\/#primaryimage\",\"url\":\"https:\\\/\\\/www.rechtsanwalt-fortbildung.net\\\/blog\\\/wp-content\\\/uploads\\\/2020\\\/06\\\/Kurs-USt.png\",\"contentUrl\":\"https:\\\/\\\/www.rechtsanwalt-fortbildung.net\\\/blog\\\/wp-content\\\/uploads\\\/2020\\\/06\\\/Kurs-USt.png\",\"width\":1200,\"height\":626,\"caption\":\"RVG & Umsatzsteuer\u00e4nderung\"},{\"@type\":\"BreadcrumbList\",\"@id\":\"https:\\\/\\\/www.rechtsanwalt-fortbildung.net\\\/blog\\\/anwaltsverguetung-und-aenderung-der-umsatzsteuer-online-kurs\\\/#breadcrumb\",\"itemListElement\":[{\"@type\":\"ListItem\",\"position\":1,\"name\":\"Startseite\",\"item\":\"https:\\\/\\\/www.rechtsanwalt-fortbildung.net\\\/blog\\\/\"},{\"@type\":\"ListItem\",\"position\":2,\"name\":\"Anwaltsverg\u00fctung und \u00c4nderung der Umsatzsteuer &#8211; Online Kurs\"}]},{\"@type\":\"WebSite\",\"@id\":\"https:\\\/\\\/www.rechtsanwalt-fortbildung.net\\\/blog\\\/#website\",\"url\":\"https:\\\/\\\/www.rechtsanwalt-fortbildung.net\\\/blog\\\/\",\"name\":\"rechtsanwalt-fortbildung.net\",\"description\":\"Das Wissenszentrum zur \u00a7 15 FAO Fortbildungspflicht\",\"publisher\":{\"@id\":\"https:\\\/\\\/www.rechtsanwalt-fortbildung.net\\\/blog\\\/#organization\"},\"potentialAction\":[{\"@type\":\"SearchAction\",\"target\":{\"@type\":\"EntryPoint\",\"urlTemplate\":\"https:\\\/\\\/www.rechtsanwalt-fortbildung.net\\\/blog\\\/?s={search_term_string}\"},\"query-input\":{\"@type\":\"PropertyValueSpecification\",\"valueRequired\":true,\"valueName\":\"search_term_string\"}}],\"inLanguage\":\"de\"},{\"@type\":\"Organization\",\"@id\":\"https:\\\/\\\/www.rechtsanwalt-fortbildung.net\\\/blog\\\/#organization\",\"name\":\"rechtsanwalt-fortbildung.net\",\"url\":\"https:\\\/\\\/www.rechtsanwalt-fortbildung.net\\\/blog\\\/\",\"logo\":{\"@type\":\"ImageObject\",\"inLanguage\":\"de\",\"@id\":\"https:\\\/\\\/www.rechtsanwalt-fortbildung.net\\\/blog\\\/#\\\/schema\\\/logo\\\/image\\\/\",\"url\":\"https:\\\/\\\/www.rechtsanwalt-fortbildung.net\\\/blog\\\/wp-content\\\/uploads\\\/2026\\\/03\\\/cropped-Logo-Rechteck-140x70-1.png\",\"contentUrl\":\"https:\\\/\\\/www.rechtsanwalt-fortbildung.net\\\/blog\\\/wp-content\\\/uploads\\\/2026\\\/03\\\/cropped-Logo-Rechteck-140x70-1.png\",\"width\":140,\"height\":70,\"caption\":\"rechtsanwalt-fortbildung.net\"},\"image\":{\"@id\":\"https:\\\/\\\/www.rechtsanwalt-fortbildung.net\\\/blog\\\/#\\\/schema\\\/logo\\\/image\\\/\"},\"sameAs\":[\"https:\\\/\\\/www.facebook.com\\\/rechtsanwaltfortbildung\\\/\",\"https:\\\/\\\/www.linkedin.com\\\/company\\\/11808981\"]},{\"@type\":\"Person\",\"@id\":\"https:\\\/\\\/www.rechtsanwalt-fortbildung.net\\\/blog\\\/#\\\/schema\\\/person\\\/21c9ba2ad9142a39b5921a7530d8df27\",\"name\":\"Alexander Grantz\",\"image\":{\"@type\":\"ImageObject\",\"inLanguage\":\"de\",\"@id\":\"https:\\\/\\\/secure.gravatar.com\\\/avatar\\\/97a81a910761df8fc11bf0a8e73192ad17a106dc3861deab9eef19e7d6bcbd16?s=96&d=mm&r=g\",\"url\":\"https:\\\/\\\/secure.gravatar.com\\\/avatar\\\/97a81a910761df8fc11bf0a8e73192ad17a106dc3861deab9eef19e7d6bcbd16?s=96&d=mm&r=g\",\"contentUrl\":\"https:\\\/\\\/secure.gravatar.com\\\/avatar\\\/97a81a910761df8fc11bf0a8e73192ad17a106dc3861deab9eef19e7d6bcbd16?s=96&d=mm&r=g\",\"caption\":\"Alexander Grantz\"},\"description\":\"Alexander Grantz ist zugelassener Rechtsanwalt und Mediator. Er hat rechtsanwalt-fortbildung.net gegr\u00fcndet \u2013 das Portal, \u00fcber das Anw\u00e4ltinnen und Anw\u00e4lte Fortbildungen nach \u00a7 15 FAO von mehr als 50 Anbietern vergleichen und buchen. Die Fortbildungspflicht kennt er aus beiden Richtungen: als Tr\u00e4ger einer Fachanwaltsbezeichnung, der die 15 Stunden jedes Jahr selbst erf\u00fcllt, und als Betreiber der Plattform, \u00fcber die andere sie erf\u00fcllen.\",\"sameAs\":[\"https:\\\/\\\/www.linkedin.com\\\/in\\\/alexander-grantz1\\\/\"],\"jobTitle\":\"Rechtsanwalt und Mediator\",\"honorificPrefix\":\"Rechtsanwalt\",\"worksFor\":{\"@type\":\"Organization\",\"name\":\"rechtsanwalt-fortbildung.net\",\"url\":\"https:\\\/\\\/www.rechtsanwalt-fortbildung.net\\\/\"},\"hasCredential\":[{\"@type\":\"EducationalOccupationalCredential\",\"credentialCategory\":\"Zulassung zur Rechtsanwaltschaft\",\"recognizedBy\":{\"@type\":\"Organization\",\"name\":\"Rechtsanwaltskammer\"}},{\"@type\":\"EducationalOccupationalCredential\",\"credentialCategory\":\"Fachanwaltsbezeichnung nach der Fachanwaltsordnung (FAO)\"},{\"@type\":\"EducationalOccupationalCredential\",\"credentialCategory\":\"Mediator\"}],\"knowsAbout\":[\"Fachanwaltsordnung\",\"Fortbildungspflicht nach \u00a7 15 FAO\",\"Anwaltliches Berufsrecht\",\"Fachanwaltslehrgang\",\"Mediation\"]}]}<\/script>\n<!-- \/ Yoast SEO plugin. -->","yoast_head_json":{"title":"Anwaltsverg\u00fctung und \u00c4nderung der Umsatzsteuer - Online Kurs - Wissenszentrum Fachanwalt","description":"Welche Auswirkungen hat die \u00c4nderung der Umsatzsteuer von 19 auf 16 % f\u00fcr mich als Rechtsanwalt? Kompaktes 1,5 Stunden Online Seminar jetzt verf\u00fcgbar.","robots":{"index":"index","follow":"follow","max-snippet":"max-snippet:-1","max-image-preview":"max-image-preview:large","max-video-preview":"max-video-preview:-1"},"canonical":"https:\/\/www.rechtsanwalt-fortbildung.net\/blog\/anwaltsverguetung-und-aenderung-der-umsatzsteuer-online-kurs\/","og_locale":"de_DE","og_type":"article","og_title":"Anwaltsverg\u00fctung und \u00c4nderung der Umsatzsteuer - Online Kurs - Wissenszentrum Fachanwalt","og_description":"Welche Auswirkungen hat die \u00c4nderung der Umsatzsteuer von 19 auf 16 % f\u00fcr mich als Rechtsanwalt? Kompaktes 1,5 Stunden Online Seminar jetzt verf\u00fcgbar.","og_url":"https:\/\/www.rechtsanwalt-fortbildung.net\/blog\/anwaltsverguetung-und-aenderung-der-umsatzsteuer-online-kurs\/","og_site_name":"Wissenszentrum Fachanwalt","article_publisher":"https:\/\/www.facebook.com\/rechtsanwaltfortbildung\/","article_published_time":"2020-06-18T06:33:35+00:00","article_modified_time":"2026-02-27T11:14:07+00:00","og_image":[{"width":1200,"height":626,"url":"https:\/\/www.rechtsanwalt-fortbildung.net\/blog\/wp-content\/uploads\/2020\/06\/Kurs-USt.png","type":"image\/png"}],"author":"Alexander Grantz","twitter_card":"summary_large_image","twitter_misc":{"Verfasst von":"Alexander Grantz","Gesch\u00e4tzte Lesezeit":"1\u00a0Minute"},"schema":{"@context":"https:\/\/schema.org","@graph":[{"@type":"Article","@id":"https:\/\/www.rechtsanwalt-fortbildung.net\/blog\/anwaltsverguetung-und-aenderung-der-umsatzsteuer-online-kurs\/#article","isPartOf":{"@id":"https:\/\/www.rechtsanwalt-fortbildung.net\/blog\/anwaltsverguetung-und-aenderung-der-umsatzsteuer-online-kurs\/"},"author":{"name":"Alexander Grantz","@id":"https:\/\/www.rechtsanwalt-fortbildung.net\/blog\/#\/schema\/person\/21c9ba2ad9142a39b5921a7530d8df27"},"headline":"Anwaltsverg\u00fctung und \u00c4nderung der Umsatzsteuer &#8211; Online Kurs","datePublished":"2020-06-18T06:33:35+00:00","dateModified":"2026-02-27T11:14:07+00:00","mainEntityOfPage":{"@id":"https:\/\/www.rechtsanwalt-fortbildung.net\/blog\/anwaltsverguetung-und-aenderung-der-umsatzsteuer-online-kurs\/"},"wordCount":218,"commentCount":0,"publisher":{"@id":"https:\/\/www.rechtsanwalt-fortbildung.net\/blog\/#organization"},"image":{"@id":"https:\/\/www.rechtsanwalt-fortbildung.net\/blog\/anwaltsverguetung-und-aenderung-der-umsatzsteuer-online-kurs\/#primaryimage"},"thumbnailUrl":"https:\/\/www.rechtsanwalt-fortbildung.net\/blog\/wp-content\/uploads\/2020\/06\/Kurs-USt.png","articleSection":["Praxis f\u00fcr Kanzleien"],"inLanguage":"de","potentialAction":[{"@type":"CommentAction","name":"Comment","target":["https:\/\/www.rechtsanwalt-fortbildung.net\/blog\/anwaltsverguetung-und-aenderung-der-umsatzsteuer-online-kurs\/#respond"]}]},{"@type":"WebPage","@id":"https:\/\/www.rechtsanwalt-fortbildung.net\/blog\/anwaltsverguetung-und-aenderung-der-umsatzsteuer-online-kurs\/","url":"https:\/\/www.rechtsanwalt-fortbildung.net\/blog\/anwaltsverguetung-und-aenderung-der-umsatzsteuer-online-kurs\/","name":"Anwaltsverg\u00fctung und \u00c4nderung der Umsatzsteuer - Online Kurs - Wissenszentrum Fachanwalt","isPartOf":{"@id":"https:\/\/www.rechtsanwalt-fortbildung.net\/blog\/#website"},"primaryImageOfPage":{"@id":"https:\/\/www.rechtsanwalt-fortbildung.net\/blog\/anwaltsverguetung-und-aenderung-der-umsatzsteuer-online-kurs\/#primaryimage"},"image":{"@id":"https:\/\/www.rechtsanwalt-fortbildung.net\/blog\/anwaltsverguetung-und-aenderung-der-umsatzsteuer-online-kurs\/#primaryimage"},"thumbnailUrl":"https:\/\/www.rechtsanwalt-fortbildung.net\/blog\/wp-content\/uploads\/2020\/06\/Kurs-USt.png","datePublished":"2020-06-18T06:33:35+00:00","dateModified":"2026-02-27T11:14:07+00:00","description":"Welche Auswirkungen hat die \u00c4nderung der Umsatzsteuer von 19 auf 16 % f\u00fcr mich als Rechtsanwalt? Kompaktes 1,5 Stunden Online Seminar jetzt verf\u00fcgbar.","breadcrumb":{"@id":"https:\/\/www.rechtsanwalt-fortbildung.net\/blog\/anwaltsverguetung-und-aenderung-der-umsatzsteuer-online-kurs\/#breadcrumb"},"inLanguage":"de","potentialAction":[{"@type":"ReadAction","target":["https:\/\/www.rechtsanwalt-fortbildung.net\/blog\/anwaltsverguetung-und-aenderung-der-umsatzsteuer-online-kurs\/"]}]},{"@type":"ImageObject","inLanguage":"de","@id":"https:\/\/www.rechtsanwalt-fortbildung.net\/blog\/anwaltsverguetung-und-aenderung-der-umsatzsteuer-online-kurs\/#primaryimage","url":"https:\/\/www.rechtsanwalt-fortbildung.net\/blog\/wp-content\/uploads\/2020\/06\/Kurs-USt.png","contentUrl":"https:\/\/www.rechtsanwalt-fortbildung.net\/blog\/wp-content\/uploads\/2020\/06\/Kurs-USt.png","width":1200,"height":626,"caption":"RVG & Umsatzsteuer\u00e4nderung"},{"@type":"BreadcrumbList","@id":"https:\/\/www.rechtsanwalt-fortbildung.net\/blog\/anwaltsverguetung-und-aenderung-der-umsatzsteuer-online-kurs\/#breadcrumb","itemListElement":[{"@type":"ListItem","position":1,"name":"Startseite","item":"https:\/\/www.rechtsanwalt-fortbildung.net\/blog\/"},{"@type":"ListItem","position":2,"name":"Anwaltsverg\u00fctung und \u00c4nderung der Umsatzsteuer &#8211; Online Kurs"}]},{"@type":"WebSite","@id":"https:\/\/www.rechtsanwalt-fortbildung.net\/blog\/#website","url":"https:\/\/www.rechtsanwalt-fortbildung.net\/blog\/","name":"rechtsanwalt-fortbildung.net","description":"Das Wissenszentrum zur \u00a7 15 FAO Fortbildungspflicht","publisher":{"@id":"https:\/\/www.rechtsanwalt-fortbildung.net\/blog\/#organization"},"potentialAction":[{"@type":"SearchAction","target":{"@type":"EntryPoint","urlTemplate":"https:\/\/www.rechtsanwalt-fortbildung.net\/blog\/?s={search_term_string}"},"query-input":{"@type":"PropertyValueSpecification","valueRequired":true,"valueName":"search_term_string"}}],"inLanguage":"de"},{"@type":"Organization","@id":"https:\/\/www.rechtsanwalt-fortbildung.net\/blog\/#organization","name":"rechtsanwalt-fortbildung.net","url":"https:\/\/www.rechtsanwalt-fortbildung.net\/blog\/","logo":{"@type":"ImageObject","inLanguage":"de","@id":"https:\/\/www.rechtsanwalt-fortbildung.net\/blog\/#\/schema\/logo\/image\/","url":"https:\/\/www.rechtsanwalt-fortbildung.net\/blog\/wp-content\/uploads\/2026\/03\/cropped-Logo-Rechteck-140x70-1.png","contentUrl":"https:\/\/www.rechtsanwalt-fortbildung.net\/blog\/wp-content\/uploads\/2026\/03\/cropped-Logo-Rechteck-140x70-1.png","width":140,"height":70,"caption":"rechtsanwalt-fortbildung.net"},"image":{"@id":"https:\/\/www.rechtsanwalt-fortbildung.net\/blog\/#\/schema\/logo\/image\/"},"sameAs":["https:\/\/www.facebook.com\/rechtsanwaltfortbildung\/","https:\/\/www.linkedin.com\/company\/11808981"]},{"@type":"Person","@id":"https:\/\/www.rechtsanwalt-fortbildung.net\/blog\/#\/schema\/person\/21c9ba2ad9142a39b5921a7530d8df27","name":"Alexander Grantz","image":{"@type":"ImageObject","inLanguage":"de","@id":"https:\/\/secure.gravatar.com\/avatar\/97a81a910761df8fc11bf0a8e73192ad17a106dc3861deab9eef19e7d6bcbd16?s=96&d=mm&r=g","url":"https:\/\/secure.gravatar.com\/avatar\/97a81a910761df8fc11bf0a8e73192ad17a106dc3861deab9eef19e7d6bcbd16?s=96&d=mm&r=g","contentUrl":"https:\/\/secure.gravatar.com\/avatar\/97a81a910761df8fc11bf0a8e73192ad17a106dc3861deab9eef19e7d6bcbd16?s=96&d=mm&r=g","caption":"Alexander Grantz"},"description":"Alexander Grantz ist zugelassener Rechtsanwalt und Mediator. Er hat rechtsanwalt-fortbildung.net gegr\u00fcndet \u2013 das Portal, \u00fcber das Anw\u00e4ltinnen und Anw\u00e4lte Fortbildungen nach \u00a7 15 FAO von mehr als 50 Anbietern vergleichen und buchen. Die Fortbildungspflicht kennt er aus beiden Richtungen: als Tr\u00e4ger einer Fachanwaltsbezeichnung, der die 15 Stunden jedes Jahr selbst erf\u00fcllt, und als Betreiber der Plattform, \u00fcber die andere sie erf\u00fcllen.","sameAs":["https:\/\/www.linkedin.com\/in\/alexander-grantz1\/"],"jobTitle":"Rechtsanwalt und Mediator","honorificPrefix":"Rechtsanwalt","worksFor":{"@type":"Organization","name":"rechtsanwalt-fortbildung.net","url":"https:\/\/www.rechtsanwalt-fortbildung.net\/"},"hasCredential":[{"@type":"EducationalOccupationalCredential","credentialCategory":"Zulassung zur Rechtsanwaltschaft","recognizedBy":{"@type":"Organization","name":"Rechtsanwaltskammer"}},{"@type":"EducationalOccupationalCredential","credentialCategory":"Fachanwaltsbezeichnung nach der Fachanwaltsordnung (FAO)"},{"@type":"EducationalOccupationalCredential","credentialCategory":"Mediator"}],"knowsAbout":["Fachanwaltsordnung","Fortbildungspflicht nach \u00a7 15 FAO","Anwaltliches Berufsrecht","Fachanwaltslehrgang","Mediation"]}]}},"_links":{"self":[{"href":"https:\/\/www.rechtsanwalt-fortbildung.net\/blog\/wp-json\/wp\/v2\/posts\/1540","targetHints":{"allow":["GET"]}}],"collection":[{"href":"https:\/\/www.rechtsanwalt-fortbildung.net\/blog\/wp-json\/wp\/v2\/posts"}],"about":[{"href":"https:\/\/www.rechtsanwalt-fortbildung.net\/blog\/wp-json\/wp\/v2\/types\/post"}],"author":[{"embeddable":true,"href":"https:\/\/www.rechtsanwalt-fortbildung.net\/blog\/wp-json\/wp\/v2\/users\/4"}],"replies":[{"embeddable":true,"href":"https:\/\/www.rechtsanwalt-fortbildung.net\/blog\/wp-json\/wp\/v2\/comments?post=1540"}],"version-history":[{"count":5,"href":"https:\/\/www.rechtsanwalt-fortbildung.net\/blog\/wp-json\/wp\/v2\/posts\/1540\/revisions"}],"predecessor-version":[{"id":1797,"href":"https:\/\/www.rechtsanwalt-fortbildung.net\/blog\/wp-json\/wp\/v2\/posts\/1540\/revisions\/1797"}],"wp:featuredmedia":[{"embeddable":true,"href":"https:\/\/www.rechtsanwalt-fortbildung.net\/blog\/wp-json\/wp\/v2\/media\/1541"}],"wp:attachment":[{"href":"https:\/\/www.rechtsanwalt-fortbildung.net\/blog\/wp-json\/wp\/v2\/media?parent=1540"}],"wp:term":[{"taxonomy":"category","embeddable":true,"href":"https:\/\/www.rechtsanwalt-fortbildung.net\/blog\/wp-json\/wp\/v2\/categories?post=1540"},{"taxonomy":"post_tag","embeddable":true,"href":"https:\/\/www.rechtsanwalt-fortbildung.net\/blog\/wp-json\/wp\/v2\/tags?post=1540"}],"curies":[{"name":"wp","href":"https:\/\/api.w.org\/{rel}","templated":true}]}}