{"id":2472,"date":"2025-01-03T06:04:34","date_gmt":"2025-01-03T05:04:34","guid":{"rendered":"https:\/\/www.rechtsanwalt-fortbildung.net\/blog\/?p=2472"},"modified":"2026-02-27T11:03:59","modified_gmt":"2026-02-27T10:03:59","slug":"nachholen-von-fortbildungsstunden-neue-flexibilitaet-dank-aenderung-der-fao","status":"publish","type":"post","link":"https:\/\/www.rechtsanwalt-fortbildung.net\/blog\/nachholen-von-fortbildungsstunden-neue-flexibilitaet-dank-aenderung-der-fao\/","title":{"rendered":"Nachholen von Fortbildungsstunden \u2013 Neue Flexibilit\u00e4t dank \u00c4nderung der FAO"},"content":{"rendered":"\n<p>Liebe Fachanw\u00e4ltinnen und Fachanw\u00e4lte,<\/p>\n\n\n\n<p>wir m\u00f6chten Sie heute \u00fcber die j\u00fcngsten \u00c4nderungen in der Fachanwaltsordnung (FAO) informieren. Diese Neuerungen geben Ihnen mehr Flexibilit\u00e4t beim Nachholen von Fortbildungsstunden und betreffen insbesondere \u00a7 15 Absatz 5 Nr. 3 FAO. Sollten Sie Ihre Fortbildungsverpflichtung im Jahr 2024 nicht oder nur teilweise erf\u00fcllt haben, stehen Ihnen jetzt erleichterte M\u00f6glichkeiten zur Verf\u00fcgung.<\/p>\n\n\n\n<hr class=\"wp-block-separator has-alpha-channel-opacity\"\/>\n\n\n\n<h3 class=\"wp-block-heading\">Ihre Fortbildungspflicht auf einen Blick<\/h3>\n\n\n\n<p>Als Fachanw\u00e4ltinnen und Fachanw\u00e4lte sind Sie verpflichtet, jedes Jahr mindestens 15 Zeitstunden fachspezifische Fortbildung zu absolvieren. Dieses Fortbildungspensum stellt sicher, dass Sie stets auf dem neuesten Wissensstand bleiben und Ihre Mandanten kompetent beraten und vertreten k\u00f6nnen.<\/p>\n\n\n\n<hr class=\"wp-block-separator has-alpha-channel-opacity\"\/>\n\n\n\n<h3 class=\"wp-block-heading\">Was ist neu in \u00a7 15 Absatz 5 Satz 3 FAO?<\/h3>\n\n\n\n<p>Die Neufassung von \u00a7 15 Absatz 5 Satz 3 FAO bietet Ihnen jetzt mehr Spielraum, fehlende Fortbildungsstunden nachzuholen. Hier die wichtigsten Neuerungen:<\/p>\n\n\n\n<ul class=\"wp-block-list\">\n<li><strong>Verl\u00e4ngerter Nachholzeitraum<\/strong>: Fehlende Fortbildungsstunden k\u00f6nnen innerhalb einer &#8222;angemessenen Frist&#8220; nachgeholt werden.<\/li>\n\n\n\n<li><strong>Klarheit bei der Anrechnung<\/strong>: Nachgeholte Stunden gelten ausschlie\u00dflich f\u00fcr das Jahr, in dem sie vers\u00e4umt wurden, und k\u00f6nnen nicht auf das neue Jahr angerechnet werden.<\/li>\n\n\n\n<li><strong>Pflicht zur Meldung<\/strong>: Informieren Sie Ihre Rechtsanwaltskammer \u00fcber das Vers\u00e4umnis und lassen Sie die Nachholung genehmigen.<\/li>\n<\/ul>\n\n\n\n<hr class=\"wp-block-separator has-alpha-channel-opacity\"\/>\n\n\n\n<h3 class=\"wp-block-heading\">Wie gehen Sie vor, wenn Stunden aus 2024 fehlen?<\/h3>\n\n\n\n<p>Falls Sie in 2024 nicht alle vorgeschriebenen Fortbildungsstunden absolvieren konnten, empfehlen wir Ihnen folgende Schritte:<\/p>\n\n\n\n<ol class=\"wp-block-list\">\n<li><strong>Melden Sie das Vers\u00e4umnis<\/strong>: Kontaktieren Sie Ihre Rechtsanwaltskammer und geben Sie die Gr\u00fcnde f\u00fcr die nicht erf\u00fcllten Stunden an.<\/li>\n\n\n\n<li><strong>Planen Sie Nachholstunden gezielt<\/strong>: Nutzen Sie die M\u00f6glichkeit, die fehlenden Stunden zu absolvieren. Achten Sie darauf, dass die Inhalte den Vorgaben der FAO entsprechen.<\/li>\n\n\n\n<li><strong>Dokumentieren Sie Ihre Teilnahme<\/strong>: Stellen Sie sicher, dass Sie die Teilnahme an den Nachholveranstaltungen ordnungsgem\u00e4\u00df dokumentieren und Ihrer Rechtsanwaltskammer vorlegen.<\/li>\n\n\n\n<li><strong>Ber\u00fccksichtigen Sie die Anrechnungsregeln<\/strong>: Nachgeholte Stunden aus 2024 k\u00f6nnen nicht auf Ihre Fortbildungsverpflichtung f\u00fcr 2025 angerechnet werden. Die regul\u00e4ren 15 Zeitstunden f\u00fcr 2025 m\u00fcssen separat erbracht werden.<\/li>\n<\/ol>\n\n\n\n<hr class=\"wp-block-separator has-alpha-channel-opacity\"\/>\n\n\n\n<h3 class=\"wp-block-heading\">Unser Tipp: Nutzen Sie rechtsanwalt-fortbildung.net<\/h3>\n\n\n\n<p>Auf <a href=\"https:\/\/www.rechtsanwalt-fortbildung.net\/\">rechtsanwalt-fortbildung.net<\/a> finden Sie ein breites Angebot an Fachanwaltsfortbildungen von \u00fcber 50 renommierten Anbietern. Dank der benutzerfreundlichen Plattform k\u00f6nnen Sie bequem passende Kurse suchen und buchen.<\/p>\n\n\n\n<p>Dar\u00fcber hinaus stehen Ihnen zahlreiche Fortbildungskurse im Selbststudium zur Verf\u00fcgung, die Sie noch f\u00fcr 2024 nutzen k\u00f6nnen. Diese Kurse sind ideal, um Ihre Nachholpflicht flexibel zu erf\u00fcllen. Eine \u00dcbersicht zu den verf\u00fcgbaren Kursen finden Sie hier:<\/p>\n\n\n\n<div class=\"wp-block-buttons is-content-justification-center is-layout-flex wp-container-core-buttons-is-layout-16018d1d wp-block-buttons-is-layout-flex\">\n<div class=\"wp-block-button\"><a class=\"wp-block-button__link has-dark-gray-color has-accent-background-color has-text-color has-background has-link-color wp-element-button\" href=\"https:\/\/www.rechtsanwalt-fortbildung.net\/selbststudium?organizerId=1069&amp;organizerId=1082&amp;organizerId=1037&amp;organizerId=1089\" target=\"_blank\" rel=\"noreferrer noopener\">zu den Nachholkursen im Selbststudium<\/a><\/div>\n<\/div>\n\n\n\n<hr class=\"wp-block-separator has-alpha-channel-opacity\"\/>\n\n\n\n<h3 class=\"wp-block-heading\">Fazit<\/h3>\n\n\n\n<p>Die \u00c4nderung von \u00a7 15 Absatz 5 Nr. 3 FAO ist ein Schritt in die richtige Richtung, um Ihnen mehr Flexibilit\u00e4t und Planungssicherheit zu geben. Nutzen Sie die neuen M\u00f6glichkeiten und das vielf\u00e4ltige Angebot auf rechtsanwalt-fortbildung.net, um Ihre Fortbildungsverpflichtungen effizient und stressfrei zu erf\u00fcllen. Wir unterst\u00fctzen Sie gerne dabei!<\/p>\n\n\n\n<p>Viel Erfolg bei Ihrer Fortbildung w\u00fcnscht Ihr Team von rechtsanwalt-fortbildung.net<\/p>\n","protected":false},"excerpt":{"rendered":"<p>Liebe Fachanw\u00e4ltinnen und Fachanw\u00e4lte, wir m\u00f6chten Sie heute \u00fcber die j\u00fcngsten \u00c4nderungen in der Fachanwaltsordnung (FAO) informieren. Diese Neuerungen geben Ihnen mehr Flexibilit\u00e4t beim Nachholen von Fortbildungsstunden und betreffen insbesondere \u00a7 15 Absatz 5 Nr. 3 FAO. Sollten Sie Ihre Fortbildungsverpflichtung im Jahr 2024 nicht oder nur teilweise erf\u00fcllt haben, stehen Ihnen jetzt erleichterte M\u00f6glichkeiten &#8230; <a title=\"Nachholen von Fortbildungsstunden \u2013 Neue Flexibilit\u00e4t dank \u00c4nderung der FAO\" class=\"read-more\" href=\"https:\/\/www.rechtsanwalt-fortbildung.net\/blog\/nachholen-von-fortbildungsstunden-neue-flexibilitaet-dank-aenderung-der-fao\/\" aria-label=\"Mehr Informationen \u00fcber Nachholen von Fortbildungsstunden \u2013 Neue Flexibilit\u00e4t dank \u00c4nderung der FAO\">Weiterlesen<\/a><\/p>\n","protected":false},"author":12,"featured_media":0,"comment_status":"open","ping_status":"closed","sticky":false,"template":"","format":"standard","meta":{"_mbp_gutenberg_autopost":false,"footnotes":""},"categories":[110],"tags":[],"class_list":["post-2472","post","type-post","status-publish","format-standard","hentry","category-fortbildungspflicht-fao"],"yoast_head":"<!-- This site is optimized with the Yoast SEO plugin v27.3 - https:\/\/yoast.com\/product\/yoast-seo-wordpress\/ -->\n<title>Nachholen von Fortbildungsstunden \u2013 Neue Flexibilit\u00e4t dank \u00c4nderung der FAO - Wissenszentrum Fachanwalt<\/title>\n<meta name=\"robots\" content=\"index, follow, max-snippet:-1, max-image-preview:large, max-video-preview:-1\" \/>\n<link rel=\"canonical\" href=\"https:\/\/www.rechtsanwalt-fortbildung.net\/blog\/nachholen-von-fortbildungsstunden-neue-flexibilitaet-dank-aenderung-der-fao\/\" \/>\n<meta property=\"og:locale\" content=\"de_DE\" \/>\n<meta property=\"og:type\" content=\"article\" \/>\n<meta property=\"og:title\" content=\"Nachholen von Fortbildungsstunden \u2013 Neue Flexibilit\u00e4t dank \u00c4nderung der FAO - Wissenszentrum Fachanwalt\" \/>\n<meta property=\"og:description\" content=\"Liebe Fachanw\u00e4ltinnen und Fachanw\u00e4lte, wir m\u00f6chten Sie heute \u00fcber die j\u00fcngsten \u00c4nderungen in der Fachanwaltsordnung (FAO) informieren. Diese Neuerungen geben Ihnen mehr Flexibilit\u00e4t beim Nachholen von Fortbildungsstunden und betreffen insbesondere \u00a7 15 Absatz 5 Nr. 3 FAO. Sollten Sie Ihre Fortbildungsverpflichtung im Jahr 2024 nicht oder nur teilweise erf\u00fcllt haben, stehen Ihnen jetzt erleichterte M\u00f6glichkeiten ... Weiterlesen\" \/>\n<meta property=\"og:url\" content=\"https:\/\/www.rechtsanwalt-fortbildung.net\/blog\/nachholen-von-fortbildungsstunden-neue-flexibilitaet-dank-aenderung-der-fao\/\" \/>\n<meta property=\"og:site_name\" content=\"Wissenszentrum Fachanwalt\" \/>\n<meta property=\"article:publisher\" content=\"https:\/\/www.facebook.com\/rechtsanwaltfortbildung\/\" \/>\n<meta property=\"article:published_time\" content=\"2025-01-03T05:04:34+00:00\" \/>\n<meta property=\"article:modified_time\" content=\"2026-02-27T10:03:59+00:00\" \/>\n<meta name=\"author\" content=\"Alexander Grantz\" \/>\n<meta name=\"twitter:card\" content=\"summary_large_image\" \/>\n<meta name=\"twitter:label1\" content=\"Verfasst von\" \/>\n\t<meta name=\"twitter:data1\" content=\"Alexander Grantz\" \/>\n\t<meta name=\"twitter:label2\" content=\"Gesch\u00e4tzte Lesezeit\" \/>\n\t<meta name=\"twitter:data2\" content=\"2\u00a0Minuten\" \/>\n<script type=\"application\/ld+json\" class=\"yoast-schema-graph\">{\"@context\":\"https:\\\/\\\/schema.org\",\"@graph\":[{\"@type\":\"Article\",\"@id\":\"https:\\\/\\\/www.rechtsanwalt-fortbildung.net\\\/blog\\\/nachholen-von-fortbildungsstunden-neue-flexibilitaet-dank-aenderung-der-fao\\\/#article\",\"isPartOf\":{\"@id\":\"https:\\\/\\\/www.rechtsanwalt-fortbildung.net\\\/blog\\\/nachholen-von-fortbildungsstunden-neue-flexibilitaet-dank-aenderung-der-fao\\\/\"},\"author\":{\"name\":\"Alexander Grantz\",\"@id\":\"https:\\\/\\\/www.rechtsanwalt-fortbildung.net\\\/blog\\\/#\\\/schema\\\/person\\\/18bd3e619fb596bc660c8007713c33cd\"},\"headline\":\"Nachholen von Fortbildungsstunden \u2013 Neue Flexibilit\u00e4t dank \u00c4nderung der FAO\",\"datePublished\":\"2025-01-03T05:04:34+00:00\",\"dateModified\":\"2026-02-27T10:03:59+00:00\",\"mainEntityOfPage\":{\"@id\":\"https:\\\/\\\/www.rechtsanwalt-fortbildung.net\\\/blog\\\/nachholen-von-fortbildungsstunden-neue-flexibilitaet-dank-aenderung-der-fao\\\/\"},\"wordCount\":459,\"commentCount\":0,\"publisher\":{\"@id\":\"https:\\\/\\\/www.rechtsanwalt-fortbildung.net\\\/blog\\\/#organization\"},\"articleSection\":[\"Fortbildungspflicht \u00a7 15 FAO\"],\"inLanguage\":\"de\",\"potentialAction\":[{\"@type\":\"CommentAction\",\"name\":\"Comment\",\"target\":[\"https:\\\/\\\/www.rechtsanwalt-fortbildung.net\\\/blog\\\/nachholen-von-fortbildungsstunden-neue-flexibilitaet-dank-aenderung-der-fao\\\/#respond\"]}]},{\"@type\":\"WebPage\",\"@id\":\"https:\\\/\\\/www.rechtsanwalt-fortbildung.net\\\/blog\\\/nachholen-von-fortbildungsstunden-neue-flexibilitaet-dank-aenderung-der-fao\\\/\",\"url\":\"https:\\\/\\\/www.rechtsanwalt-fortbildung.net\\\/blog\\\/nachholen-von-fortbildungsstunden-neue-flexibilitaet-dank-aenderung-der-fao\\\/\",\"name\":\"Nachholen von Fortbildungsstunden \u2013 Neue Flexibilit\u00e4t dank \u00c4nderung der FAO - Wissenszentrum Fachanwalt\",\"isPartOf\":{\"@id\":\"https:\\\/\\\/www.rechtsanwalt-fortbildung.net\\\/blog\\\/#website\"},\"datePublished\":\"2025-01-03T05:04:34+00:00\",\"dateModified\":\"2026-02-27T10:03:59+00:00\",\"breadcrumb\":{\"@id\":\"https:\\\/\\\/www.rechtsanwalt-fortbildung.net\\\/blog\\\/nachholen-von-fortbildungsstunden-neue-flexibilitaet-dank-aenderung-der-fao\\\/#breadcrumb\"},\"inLanguage\":\"de\",\"potentialAction\":[{\"@type\":\"ReadAction\",\"target\":[\"https:\\\/\\\/www.rechtsanwalt-fortbildung.net\\\/blog\\\/nachholen-von-fortbildungsstunden-neue-flexibilitaet-dank-aenderung-der-fao\\\/\"]}]},{\"@type\":\"BreadcrumbList\",\"@id\":\"https:\\\/\\\/www.rechtsanwalt-fortbildung.net\\\/blog\\\/nachholen-von-fortbildungsstunden-neue-flexibilitaet-dank-aenderung-der-fao\\\/#breadcrumb\",\"itemListElement\":[{\"@type\":\"ListItem\",\"position\":1,\"name\":\"Startseite\",\"item\":\"https:\\\/\\\/www.rechtsanwalt-fortbildung.net\\\/blog\\\/\"},{\"@type\":\"ListItem\",\"position\":2,\"name\":\"Nachholen von Fortbildungsstunden \u2013 Neue Flexibilit\u00e4t dank \u00c4nderung der FAO\"}]},{\"@type\":\"WebSite\",\"@id\":\"https:\\\/\\\/www.rechtsanwalt-fortbildung.net\\\/blog\\\/#website\",\"url\":\"https:\\\/\\\/www.rechtsanwalt-fortbildung.net\\\/blog\\\/\",\"name\":\"rechtsanwalt-fortbildung.net\",\"description\":\"Das Wissenszentrum zur \u00a7 15 FAO Fortbildungspflicht\",\"publisher\":{\"@id\":\"https:\\\/\\\/www.rechtsanwalt-fortbildung.net\\\/blog\\\/#organization\"},\"potentialAction\":[{\"@type\":\"SearchAction\",\"target\":{\"@type\":\"EntryPoint\",\"urlTemplate\":\"https:\\\/\\\/www.rechtsanwalt-fortbildung.net\\\/blog\\\/?s={search_term_string}\"},\"query-input\":{\"@type\":\"PropertyValueSpecification\",\"valueRequired\":true,\"valueName\":\"search_term_string\"}}],\"inLanguage\":\"de\"},{\"@type\":\"Organization\",\"@id\":\"https:\\\/\\\/www.rechtsanwalt-fortbildung.net\\\/blog\\\/#organization\",\"name\":\"rechtsanwalt-fortbildung.net\",\"url\":\"https:\\\/\\\/www.rechtsanwalt-fortbildung.net\\\/blog\\\/\",\"logo\":{\"@type\":\"ImageObject\",\"inLanguage\":\"de\",\"@id\":\"https:\\\/\\\/www.rechtsanwalt-fortbildung.net\\\/blog\\\/#\\\/schema\\\/logo\\\/image\\\/\",\"url\":\"https:\\\/\\\/www.rechtsanwalt-fortbildung.net\\\/blog\\\/wp-content\\\/uploads\\\/2026\\\/03\\\/cropped-Logo-Rechteck-140x70-1.png\",\"contentUrl\":\"https:\\\/\\\/www.rechtsanwalt-fortbildung.net\\\/blog\\\/wp-content\\\/uploads\\\/2026\\\/03\\\/cropped-Logo-Rechteck-140x70-1.png\",\"width\":140,\"height\":70,\"caption\":\"rechtsanwalt-fortbildung.net\"},\"image\":{\"@id\":\"https:\\\/\\\/www.rechtsanwalt-fortbildung.net\\\/blog\\\/#\\\/schema\\\/logo\\\/image\\\/\"},\"sameAs\":[\"https:\\\/\\\/www.facebook.com\\\/rechtsanwaltfortbildung\\\/\",\"https:\\\/\\\/www.linkedin.com\\\/company\\\/11808981\"]},{\"@type\":\"Person\",\"@id\":\"https:\\\/\\\/www.rechtsanwalt-fortbildung.net\\\/blog\\\/#\\\/schema\\\/person\\\/18bd3e619fb596bc660c8007713c33cd\",\"name\":\"Alexander Grantz\",\"image\":{\"@type\":\"ImageObject\",\"inLanguage\":\"de\",\"@id\":\"https:\\\/\\\/secure.gravatar.com\\\/avatar\\\/0e291a94f449528bf1ccd337cd1b5137d5b52d4f9be58f5a14587f0bc14e7fde?s=96&d=mm&r=g\",\"url\":\"https:\\\/\\\/secure.gravatar.com\\\/avatar\\\/0e291a94f449528bf1ccd337cd1b5137d5b52d4f9be58f5a14587f0bc14e7fde?s=96&d=mm&r=g\",\"contentUrl\":\"https:\\\/\\\/secure.gravatar.com\\\/avatar\\\/0e291a94f449528bf1ccd337cd1b5137d5b52d4f9be58f5a14587f0bc14e7fde?s=96&d=mm&r=g\",\"caption\":\"Alexander Grantz\"}}]}<\/script>\n<!-- \/ Yoast SEO plugin. -->","yoast_head_json":{"title":"Nachholen von Fortbildungsstunden \u2013 Neue Flexibilit\u00e4t dank \u00c4nderung der FAO - Wissenszentrum Fachanwalt","robots":{"index":"index","follow":"follow","max-snippet":"max-snippet:-1","max-image-preview":"max-image-preview:large","max-video-preview":"max-video-preview:-1"},"canonical":"https:\/\/www.rechtsanwalt-fortbildung.net\/blog\/nachholen-von-fortbildungsstunden-neue-flexibilitaet-dank-aenderung-der-fao\/","og_locale":"de_DE","og_type":"article","og_title":"Nachholen von Fortbildungsstunden \u2013 Neue Flexibilit\u00e4t dank \u00c4nderung der FAO - Wissenszentrum Fachanwalt","og_description":"Liebe Fachanw\u00e4ltinnen und Fachanw\u00e4lte, wir m\u00f6chten Sie heute \u00fcber die j\u00fcngsten \u00c4nderungen in der Fachanwaltsordnung (FAO) informieren. Diese Neuerungen geben Ihnen mehr Flexibilit\u00e4t beim Nachholen von Fortbildungsstunden und betreffen insbesondere \u00a7 15 Absatz 5 Nr. 3 FAO. Sollten Sie Ihre Fortbildungsverpflichtung im Jahr 2024 nicht oder nur teilweise erf\u00fcllt haben, stehen Ihnen jetzt erleichterte M\u00f6glichkeiten ... Weiterlesen","og_url":"https:\/\/www.rechtsanwalt-fortbildung.net\/blog\/nachholen-von-fortbildungsstunden-neue-flexibilitaet-dank-aenderung-der-fao\/","og_site_name":"Wissenszentrum Fachanwalt","article_publisher":"https:\/\/www.facebook.com\/rechtsanwaltfortbildung\/","article_published_time":"2025-01-03T05:04:34+00:00","article_modified_time":"2026-02-27T10:03:59+00:00","author":"Alexander Grantz","twitter_card":"summary_large_image","twitter_misc":{"Verfasst von":"Alexander Grantz","Gesch\u00e4tzte Lesezeit":"2\u00a0Minuten"},"schema":{"@context":"https:\/\/schema.org","@graph":[{"@type":"Article","@id":"https:\/\/www.rechtsanwalt-fortbildung.net\/blog\/nachholen-von-fortbildungsstunden-neue-flexibilitaet-dank-aenderung-der-fao\/#article","isPartOf":{"@id":"https:\/\/www.rechtsanwalt-fortbildung.net\/blog\/nachholen-von-fortbildungsstunden-neue-flexibilitaet-dank-aenderung-der-fao\/"},"author":{"name":"Alexander Grantz","@id":"https:\/\/www.rechtsanwalt-fortbildung.net\/blog\/#\/schema\/person\/18bd3e619fb596bc660c8007713c33cd"},"headline":"Nachholen von Fortbildungsstunden \u2013 Neue Flexibilit\u00e4t dank \u00c4nderung der FAO","datePublished":"2025-01-03T05:04:34+00:00","dateModified":"2026-02-27T10:03:59+00:00","mainEntityOfPage":{"@id":"https:\/\/www.rechtsanwalt-fortbildung.net\/blog\/nachholen-von-fortbildungsstunden-neue-flexibilitaet-dank-aenderung-der-fao\/"},"wordCount":459,"commentCount":0,"publisher":{"@id":"https:\/\/www.rechtsanwalt-fortbildung.net\/blog\/#organization"},"articleSection":["Fortbildungspflicht \u00a7 15 FAO"],"inLanguage":"de","potentialAction":[{"@type":"CommentAction","name":"Comment","target":["https:\/\/www.rechtsanwalt-fortbildung.net\/blog\/nachholen-von-fortbildungsstunden-neue-flexibilitaet-dank-aenderung-der-fao\/#respond"]}]},{"@type":"WebPage","@id":"https:\/\/www.rechtsanwalt-fortbildung.net\/blog\/nachholen-von-fortbildungsstunden-neue-flexibilitaet-dank-aenderung-der-fao\/","url":"https:\/\/www.rechtsanwalt-fortbildung.net\/blog\/nachholen-von-fortbildungsstunden-neue-flexibilitaet-dank-aenderung-der-fao\/","name":"Nachholen von Fortbildungsstunden \u2013 Neue Flexibilit\u00e4t dank \u00c4nderung der FAO - Wissenszentrum Fachanwalt","isPartOf":{"@id":"https:\/\/www.rechtsanwalt-fortbildung.net\/blog\/#website"},"datePublished":"2025-01-03T05:04:34+00:00","dateModified":"2026-02-27T10:03:59+00:00","breadcrumb":{"@id":"https:\/\/www.rechtsanwalt-fortbildung.net\/blog\/nachholen-von-fortbildungsstunden-neue-flexibilitaet-dank-aenderung-der-fao\/#breadcrumb"},"inLanguage":"de","potentialAction":[{"@type":"ReadAction","target":["https:\/\/www.rechtsanwalt-fortbildung.net\/blog\/nachholen-von-fortbildungsstunden-neue-flexibilitaet-dank-aenderung-der-fao\/"]}]},{"@type":"BreadcrumbList","@id":"https:\/\/www.rechtsanwalt-fortbildung.net\/blog\/nachholen-von-fortbildungsstunden-neue-flexibilitaet-dank-aenderung-der-fao\/#breadcrumb","itemListElement":[{"@type":"ListItem","position":1,"name":"Startseite","item":"https:\/\/www.rechtsanwalt-fortbildung.net\/blog\/"},{"@type":"ListItem","position":2,"name":"Nachholen von Fortbildungsstunden \u2013 Neue Flexibilit\u00e4t dank \u00c4nderung der FAO"}]},{"@type":"WebSite","@id":"https:\/\/www.rechtsanwalt-fortbildung.net\/blog\/#website","url":"https:\/\/www.rechtsanwalt-fortbildung.net\/blog\/","name":"rechtsanwalt-fortbildung.net","description":"Das Wissenszentrum zur \u00a7 15 FAO Fortbildungspflicht","publisher":{"@id":"https:\/\/www.rechtsanwalt-fortbildung.net\/blog\/#organization"},"potentialAction":[{"@type":"SearchAction","target":{"@type":"EntryPoint","urlTemplate":"https:\/\/www.rechtsanwalt-fortbildung.net\/blog\/?s={search_term_string}"},"query-input":{"@type":"PropertyValueSpecification","valueRequired":true,"valueName":"search_term_string"}}],"inLanguage":"de"},{"@type":"Organization","@id":"https:\/\/www.rechtsanwalt-fortbildung.net\/blog\/#organization","name":"rechtsanwalt-fortbildung.net","url":"https:\/\/www.rechtsanwalt-fortbildung.net\/blog\/","logo":{"@type":"ImageObject","inLanguage":"de","@id":"https:\/\/www.rechtsanwalt-fortbildung.net\/blog\/#\/schema\/logo\/image\/","url":"https:\/\/www.rechtsanwalt-fortbildung.net\/blog\/wp-content\/uploads\/2026\/03\/cropped-Logo-Rechteck-140x70-1.png","contentUrl":"https:\/\/www.rechtsanwalt-fortbildung.net\/blog\/wp-content\/uploads\/2026\/03\/cropped-Logo-Rechteck-140x70-1.png","width":140,"height":70,"caption":"rechtsanwalt-fortbildung.net"},"image":{"@id":"https:\/\/www.rechtsanwalt-fortbildung.net\/blog\/#\/schema\/logo\/image\/"},"sameAs":["https:\/\/www.facebook.com\/rechtsanwaltfortbildung\/","https:\/\/www.linkedin.com\/company\/11808981"]},{"@type":"Person","@id":"https:\/\/www.rechtsanwalt-fortbildung.net\/blog\/#\/schema\/person\/18bd3e619fb596bc660c8007713c33cd","name":"Alexander Grantz","image":{"@type":"ImageObject","inLanguage":"de","@id":"https:\/\/secure.gravatar.com\/avatar\/0e291a94f449528bf1ccd337cd1b5137d5b52d4f9be58f5a14587f0bc14e7fde?s=96&d=mm&r=g","url":"https:\/\/secure.gravatar.com\/avatar\/0e291a94f449528bf1ccd337cd1b5137d5b52d4f9be58f5a14587f0bc14e7fde?s=96&d=mm&r=g","contentUrl":"https:\/\/secure.gravatar.com\/avatar\/0e291a94f449528bf1ccd337cd1b5137d5b52d4f9be58f5a14587f0bc14e7fde?s=96&d=mm&r=g","caption":"Alexander Grantz"}}]}},"_links":{"self":[{"href":"https:\/\/www.rechtsanwalt-fortbildung.net\/blog\/wp-json\/wp\/v2\/posts\/2472","targetHints":{"allow":["GET"]}}],"collection":[{"href":"https:\/\/www.rechtsanwalt-fortbildung.net\/blog\/wp-json\/wp\/v2\/posts"}],"about":[{"href":"https:\/\/www.rechtsanwalt-fortbildung.net\/blog\/wp-json\/wp\/v2\/types\/post"}],"author":[{"embeddable":true,"href":"https:\/\/www.rechtsanwalt-fortbildung.net\/blog\/wp-json\/wp\/v2\/users\/12"}],"replies":[{"embeddable":true,"href":"https:\/\/www.rechtsanwalt-fortbildung.net\/blog\/wp-json\/wp\/v2\/comments?post=2472"}],"version-history":[{"count":1,"href":"https:\/\/www.rechtsanwalt-fortbildung.net\/blog\/wp-json\/wp\/v2\/posts\/2472\/revisions"}],"predecessor-version":[{"id":2475,"href":"https:\/\/www.rechtsanwalt-fortbildung.net\/blog\/wp-json\/wp\/v2\/posts\/2472\/revisions\/2475"}],"wp:attachment":[{"href":"https:\/\/www.rechtsanwalt-fortbildung.net\/blog\/wp-json\/wp\/v2\/media?parent=2472"}],"wp:term":[{"taxonomy":"category","embeddable":true,"href":"https:\/\/www.rechtsanwalt-fortbildung.net\/blog\/wp-json\/wp\/v2\/categories?post=2472"},{"taxonomy":"post_tag","embeddable":true,"href":"https:\/\/www.rechtsanwalt-fortbildung.net\/blog\/wp-json\/wp\/v2\/tags?post=2472"}],"curies":[{"name":"wp","href":"https:\/\/api.w.org\/{rel}","templated":true}]}}