{"id":2482,"date":"2025-05-05T12:17:04","date_gmt":"2025-05-05T10:17:04","guid":{"rendered":"https:\/\/www.rechtsanwalt-fortbildung.net\/blog\/?p=2482"},"modified":"2026-02-27T11:02:53","modified_gmt":"2026-02-27T10:02:53","slug":"aenderung-der-fao-zum-01-05-2025-was-sich-bei-%c2%a7-26-aendert-und-was-das-fuer-fachanwaeltinnen-bedeutet","status":"publish","type":"post","link":"https:\/\/www.rechtsanwalt-fortbildung.net\/blog\/aenderung-der-fao-zum-01-05-2025-was-sich-bei-%c2%a7-26-aendert-und-was-das-fuer-fachanwaeltinnen-bedeutet\/","title":{"rendered":"\u00c4nderung der FAO zum 01.05.2025: Was sich bei \u00a7\u202f26 \u00e4ndert \u2013 und was das f\u00fcr Fachanw\u00e4lt:innen bedeutet"},"content":{"rendered":"\n<p>\u00c4nderung der FAO zum 01.05.2025: Neuer \u00a7\u202f26 schafft Klarheit zum Inkrafttreten \u2013 Was Fachanw\u00e4lt:innen jetzt wissen sollten<\/p>\n\n\n\n<p>Zum 1. Mai 2025 ist eine \u00c4nderung der Fachanwaltsordnung (FAO) in Kraft getreten. Auch wenn sich der ge\u00e4nderte Paragraph auf den ersten Blick nur auf formale Fragen des Inkrafttretens bezieht, lohnt sich ein genauer Blick: Denn \u00a7\u202f26 FAO wurde komplett \u00fcberarbeitet \u2013 mit praktischen Auswirkungen auf alle, die sich mit dem Erwerb oder Erhalt der Fachanwaltsbezeichnung befassen.<\/p>\n\n\n\n<p>In diesem Artikel erkl\u00e4ren wir, was sich genau ge\u00e4ndert hat, warum das f\u00fcr Fachanw\u00e4lt:innen dennoch wichtig ist und wie Sie Ihre Fortbildungspflicht auch k\u00fcnftig sicher und einfach \u00fcber unser Portal <a class=\"\" href=\"https:\/\/www.rechtsanwalt-fortbildung.net\">rechtsanwalt-fortbildung.net<\/a> erf\u00fcllen k\u00f6nnen.<\/p>\n\n\n\n<hr class=\"wp-block-separator has-alpha-channel-opacity\"\/>\n\n\n\n<h2 class=\"wp-block-heading\">Was regelt \u00a7\u202f26 FAO?<\/h2>\n\n\n\n<p>\u00a7\u202f26 FAO geh\u00f6rt zu den sogenannten Schlussvorschriften. Er enth\u00e4lt Regelungen zum <strong>Inkrafttreten und zur Ausfertigung<\/strong> der FAO \u2013 also dazu, ab wann die Fachanwaltsordnung oder deren \u00c4nderungen g\u00fcltig sind und wie diese in Kraft gesetzt werden. In der Praxis betrifft das insbesondere Rechtsanw\u00e4ltinnen und Rechtsanw\u00e4lte, die sich gerade in einem Fachanwaltsverfahren befinden oder \u00c4nderungen der Fortbildungsanforderungen beobachten.<\/p>\n\n\n\n<hr class=\"wp-block-separator has-alpha-channel-opacity\"\/>\n\n\n\n<h2 class=\"wp-block-heading\">Was wurde zum 01.05.2025 ge\u00e4ndert?<\/h2>\n\n\n\n<p>In der <a href=\"https:\/\/www.brak.de\/fileadmin\/02_fuer_anwaelte\/berufsrecht\/FAO_Stand_01.10.2023.pdf\" target=\"_blank\" rel=\"noreferrer noopener\">bisherigen Fassung der FAO<\/a> (Stand 01.10.2023) enthielt \u00a7\u202f26 FAO drei Abs\u00e4tze mit einer ausf\u00fchrlichen Regelung:<\/p>\n\n\n\n<ul class=\"wp-block-list\">\n<li>\u00c4nderungen traten fr\u00fchestens <strong>drei Monate nach \u00dcbermittlung an das Bundesjustizministerium<\/strong> und <strong>erst nach Ver\u00f6ffentlichung in den BRAK-Mitteilungen<\/strong> in Kraft.<\/li>\n\n\n\n<li>Die <strong>Mitwirkung des Bundesministeriums der Justiz<\/strong> wurde ausdr\u00fccklich geregelt.<\/li>\n\n\n\n<li>Das Inkrafttreten musste <strong>gesondert bekannt gemacht<\/strong> werden.<\/li>\n<\/ul>\n\n\n\n<p>Diese detaillierte Regelung ist mit der <a href=\"https:\/\/www.rechtsanwalt-fortbildung.net\/fachanwaltsordnung\" target=\"_blank\" rel=\"noreferrer noopener\">neuen Fassung vom <strong>01.05.2025<\/strong><\/a> vollst\u00e4ndig entfallen. Stattdessen lautet \u00a7\u202f26 FAO nun wie folgt:<\/p>\n\n\n\n<blockquote class=\"wp-block-quote is-layout-flow wp-block-quote-is-layout-flow\">\n<p><strong>\u00a7 26 In-Kraft-Treten und Ausfertigung (neu ab 01.05.2025)<\/strong><br>(1) Diese Fachanw\u00e4ltin- und Fachanwaltsordnung ist am 11. M\u00e4rz 1997 in Kraft getreten.<br>(2) Die Ausfertigung und das Inkrafttreten \u00e4ndernder Beschl\u00fcsse der Satzungsversammlung richten sich nach den \u00a7\u00a7\u202f191d,\u202fe der Bundesrechtsanwaltsordnung (BRAO).<\/p>\n<\/blockquote>\n\n\n\n<p>Der neue Wortlaut verweist damit <strong>nicht mehr auf eigene Umsetzungsregelungen<\/strong>, sondern verweist statisch auf die Bestimmungen der BRAO (\u00a7\u00a7\u202f191d und 191e BRAO), die durch das Gesetz zur Neuordnung des Berufsrechts modernisiert wurden.<\/p>\n\n\n\n<hr class=\"wp-block-separator has-alpha-channel-opacity\"\/>\n\n\n\n<h2 class=\"wp-block-heading\">Warum ist das relevant \u2013 auch wenn \u00a7\u202f15 FAO unber\u00fchrt bleibt?<\/h2>\n\n\n\n<p>Auch wenn \u00a7\u202f15 FAO (Fortbildungspflicht) durch diese \u00c4nderung <strong>nicht ber\u00fchrt wurde<\/strong>, ist der neue \u00a7\u202f26 <strong>f\u00fcr alle Fachanw\u00e4lt:innen von Bedeutung<\/strong>:<\/p>\n\n\n\n<ol class=\"wp-block-list\">\n<li><strong>Rechtssicherheit bei \u00c4nderungen:<\/strong><br>Wer sich in einem laufenden Fachanwaltsverfahren befindet oder auf neue Entwicklungen bei Fortbildungsverpflichtungen achtet, muss wissen, ab wann welche Fassung der FAO gilt.<\/li>\n\n\n\n<li><strong>Vereinheitlichung durch BRAO-Verweis:<\/strong><br>Durch die Ankn\u00fcpfung an die BRAO wird die Rechtslage einheitlich und systematisch geregelt. Die FAO folgt damit dem allgemeinen Normsetzungsverfahren der BRAK, ohne zus\u00e4tzliche Sonderregelungen.<\/li>\n\n\n\n<li><strong>Formale Entlastung bei Kammern und Antragstellern:<\/strong><br>Der bisherige komplexe Mechanismus mit Ver\u00f6ffentlichung, Bekanntmachung und Mitwirkung entf\u00e4llt zugunsten klarer gesetzlicher Vorgaben.<\/li>\n<\/ol>\n\n\n\n<hr class=\"wp-block-separator has-alpha-channel-opacity\"\/>\n\n\n\n<h2 class=\"wp-block-heading\">Unver\u00e4ndert: Ihre Fortbildungspflicht nach \u00a7\u202f15 FAO<\/h2>\n\n\n\n<p>Auch nach der \u00c4nderung gilt: <strong>Fachanw\u00e4ltinnen und Fachanw\u00e4lte m\u00fcssen j\u00e4hrlich mindestens 15 Zeitstunden fachbezogene Fortbildung absolvieren<\/strong>. Diese Pflicht dient der Qualit\u00e4tssicherung und ist Voraussetzung daf\u00fcr, die Fachanwaltsbezeichnung weiterf\u00fchren zu d\u00fcrfen.<\/p>\n\n\n\n<p>Wichtige \u00c4nderungen bez\u00fcglich der <strong>Nachholbarkeit von Pflichtfortbildungen <\/strong>hatten wir bereits in unserem <a href=\"https:\/\/www.rechtsanwalt-fortbildung.net\/blog\/nachholen-von-fortbildungsstunden-neue-flexibilitaet-dank-aenderung-der-fao\/\" target=\"_blank\" rel=\"noreferrer noopener\">Blog-Artikel vom 03.01.2025<\/a> dargelegt.<\/p>\n\n\n\n<p>Die \u00c4nderung von \u00a7\u202f26 \u00e4ndert <strong>nichts<\/strong> an den Voraussetzungen oder Fristen der Fortbildungspflicht \u2013 aber sie zeigt einmal mehr: Die FAO ist in Bewegung, und es lohnt sich, Entwicklungen im Blick zu behalten.<\/p>\n\n\n\n<hr class=\"wp-block-separator has-alpha-channel-opacity\"\/>\n\n\n\n<h2 class=\"wp-block-heading\">So erf\u00fcllen Sie Ihre Fortbildungspflicht sicher \u2013 mit rechtsanwalt-fortbildung.net<\/h2>\n\n\n\n<p>Ob fr\u00fchzeitig geplant oder kurzfristig nachgeholt: Mit unserem Portal <a class=\"\" href=\"https:\/\/www.rechtsanwalt-fortbildung.net\">rechtsanwalt-fortbildung.net<\/a> sind Sie auf der sicheren Seite. Wir bieten Ihnen:<\/p>\n\n\n\n<ul class=\"wp-block-list\">\n<li>\u2705 Mehr als <strong>4.000 FAO-anerkannte Veranstaltungen<\/strong> von \u00fcber 50 renommierten Fortbildungsanbietern<\/li>\n\n\n\n<li>\u2705 Alle relevanten <strong>Fachgebiete nach \u00a7\u202f15 FAO<\/strong><\/li>\n\n\n\n<li>\u2705 <strong>Webinare, Selbststudium, Pr\u00e4senzkurse<\/strong> \u2013 passend zu Ihrem Arbeitsstil<\/li>\n\n\n\n<li>\u2705 <strong>Digitale Teilnahmebescheinigungen<\/strong> \u2013 ideal f\u00fcr den Kammernachweis<\/li>\n\n\n\n<li>\u2705 <strong>Einfache Filter- und Buchungsfunktion<\/strong> \u2013 komfortabel und zeitsparend<\/li>\n<\/ul>\n\n\n\n<hr class=\"wp-block-separator has-alpha-channel-opacity\"\/>\n\n\n\n<h2 class=\"wp-block-heading\">Fazit: Kleine \u00c4nderung \u2013 gro\u00dfe Klarheit<\/h2>\n\n\n\n<p>Die \u00c4nderung in \u00a7\u202f26 FAO zum 01.05.2025 ist rein redaktioneller Natur \u2013 aber sie bringt mehr \u00dcbersicht und rechtliche Einheitlichkeit. F\u00fcr Fachanw\u00e4ltinnen und Fachanw\u00e4lte bleibt entscheidend, die j\u00e4hrliche Fortbildungspflicht zuverl\u00e4ssig zu erf\u00fcllen. Und genau dabei unterst\u00fctzen wir Sie \u2013 unkompliziert, rechtskonform und effizient.<\/p>\n\n\n\n<p>\ud83d\udc49 <strong>Jetzt Fortbildung planen und buchen unter:<\/strong><br><a class=\"\" href=\"https:\/\/www.rechtsanwalt-fortbildung.net\">www.rechtsanwalt-fortbildung.net<\/a><\/p>\n","protected":false},"excerpt":{"rendered":"<p>\u00c4nderung der FAO zum 01.05.2025: Neuer \u00a7\u202f26 schafft Klarheit zum Inkrafttreten \u2013 Was Fachanw\u00e4lt:innen jetzt wissen sollten Zum 1. Mai 2025 ist eine \u00c4nderung der Fachanwaltsordnung (FAO) in Kraft getreten. Auch wenn sich der ge\u00e4nderte Paragraph auf den ersten Blick nur auf formale Fragen des Inkrafttretens bezieht, lohnt sich ein genauer Blick: Denn \u00a7\u202f26 FAO &#8230; <a title=\"\u00c4nderung der FAO zum 01.05.2025: Was sich bei \u00a7\u202f26 \u00e4ndert \u2013 und was das f\u00fcr Fachanw\u00e4lt:innen bedeutet\" class=\"read-more\" href=\"https:\/\/www.rechtsanwalt-fortbildung.net\/blog\/aenderung-der-fao-zum-01-05-2025-was-sich-bei-%c2%a7-26-aendert-und-was-das-fuer-fachanwaeltinnen-bedeutet\/\" aria-label=\"Mehr Informationen \u00fcber \u00c4nderung der FAO zum 01.05.2025: Was sich bei \u00a7\u202f26 \u00e4ndert \u2013 und was das f\u00fcr Fachanw\u00e4lt:innen bedeutet\">Weiterlesen<\/a><\/p>\n","protected":false},"author":4,"featured_media":0,"comment_status":"open","ping_status":"closed","sticky":false,"template":"","format":"standard","meta":{"_mbp_gutenberg_autopost":false,"footnotes":""},"categories":[109],"tags":[],"class_list":["post-2482","post","type-post","status-publish","format-standard","hentry","category-fachanwalt-werden"],"yoast_head":"<!-- This site is optimized with the Yoast SEO plugin v27.3 - https:\/\/yoast.com\/product\/yoast-seo-wordpress\/ -->\n<title>\u00c4nderung der FAO zum 01.05.2025: Was sich bei \u00a7\u202f26 \u00e4ndert \u2013 und was das f\u00fcr Fachanw\u00e4lt:innen bedeutet - Wissenszentrum Fachanwalt<\/title>\n<meta name=\"robots\" content=\"index, follow, max-snippet:-1, max-image-preview:large, max-video-preview:-1\" \/>\n<link rel=\"canonical\" href=\"https:\/\/www.rechtsanwalt-fortbildung.net\/blog\/aenderung-der-fao-zum-01-05-2025-was-sich-bei-\u00a7-26-aendert-und-was-das-fuer-fachanwaeltinnen-bedeutet\/\" \/>\n<meta property=\"og:locale\" content=\"de_DE\" \/>\n<meta property=\"og:type\" content=\"article\" \/>\n<meta property=\"og:title\" content=\"\u00c4nderung der FAO zum 01.05.2025: Was sich bei \u00a7\u202f26 \u00e4ndert \u2013 und was das f\u00fcr Fachanw\u00e4lt:innen bedeutet - Wissenszentrum Fachanwalt\" \/>\n<meta property=\"og:description\" content=\"\u00c4nderung der FAO zum 01.05.2025: Neuer \u00a7\u202f26 schafft Klarheit zum Inkrafttreten \u2013 Was Fachanw\u00e4lt:innen jetzt wissen sollten Zum 1. Mai 2025 ist eine \u00c4nderung der Fachanwaltsordnung (FAO) in Kraft getreten. Auch wenn sich der ge\u00e4nderte Paragraph auf den ersten Blick nur auf formale Fragen des Inkrafttretens bezieht, lohnt sich ein genauer Blick: Denn \u00a7\u202f26 FAO ... Weiterlesen\" \/>\n<meta property=\"og:url\" content=\"https:\/\/www.rechtsanwalt-fortbildung.net\/blog\/aenderung-der-fao-zum-01-05-2025-was-sich-bei-\u00a7-26-aendert-und-was-das-fuer-fachanwaeltinnen-bedeutet\/\" \/>\n<meta property=\"og:site_name\" content=\"Wissenszentrum Fachanwalt\" \/>\n<meta property=\"article:publisher\" content=\"https:\/\/www.facebook.com\/rechtsanwaltfortbildung\/\" \/>\n<meta property=\"article:published_time\" content=\"2025-05-05T10:17:04+00:00\" \/>\n<meta property=\"article:modified_time\" content=\"2026-02-27T10:02:53+00:00\" \/>\n<meta name=\"author\" content=\"Alexander Grantz\" \/>\n<meta name=\"twitter:card\" content=\"summary_large_image\" \/>\n<meta name=\"twitter:label1\" content=\"Verfasst von\" \/>\n\t<meta name=\"twitter:data1\" content=\"Alexander Grantz\" \/>\n\t<meta name=\"twitter:label2\" content=\"Gesch\u00e4tzte Lesezeit\" \/>\n\t<meta name=\"twitter:data2\" content=\"3\u00a0Minuten\" \/>\n<script type=\"application\/ld+json\" class=\"yoast-schema-graph\">{\"@context\":\"https:\\\/\\\/schema.org\",\"@graph\":[{\"@type\":\"Article\",\"@id\":\"https:\\\/\\\/www.rechtsanwalt-fortbildung.net\\\/blog\\\/aenderung-der-fao-zum-01-05-2025-was-sich-bei-%c2%a7-26-aendert-und-was-das-fuer-fachanwaeltinnen-bedeutet\\\/#article\",\"isPartOf\":{\"@id\":\"https:\\\/\\\/www.rechtsanwalt-fortbildung.net\\\/blog\\\/aenderung-der-fao-zum-01-05-2025-was-sich-bei-%c2%a7-26-aendert-und-was-das-fuer-fachanwaeltinnen-bedeutet\\\/\"},\"author\":{\"name\":\"Alexander Grantz\",\"@id\":\"https:\\\/\\\/www.rechtsanwalt-fortbildung.net\\\/blog\\\/#\\\/schema\\\/person\\\/21c9ba2ad9142a39b5921a7530d8df27\"},\"headline\":\"\u00c4nderung der FAO zum 01.05.2025: Was sich bei \u00a7\u202f26 \u00e4ndert \u2013 und was das f\u00fcr Fachanw\u00e4lt:innen bedeutet\",\"datePublished\":\"2025-05-05T10:17:04+00:00\",\"dateModified\":\"2026-02-27T10:02:53+00:00\",\"mainEntityOfPage\":{\"@id\":\"https:\\\/\\\/www.rechtsanwalt-fortbildung.net\\\/blog\\\/aenderung-der-fao-zum-01-05-2025-was-sich-bei-%c2%a7-26-aendert-und-was-das-fuer-fachanwaeltinnen-bedeutet\\\/\"},\"wordCount\":665,\"commentCount\":0,\"publisher\":{\"@id\":\"https:\\\/\\\/www.rechtsanwalt-fortbildung.net\\\/blog\\\/#organization\"},\"articleSection\":[\"Fachanwalt werden\"],\"inLanguage\":\"de\",\"potentialAction\":[{\"@type\":\"CommentAction\",\"name\":\"Comment\",\"target\":[\"https:\\\/\\\/www.rechtsanwalt-fortbildung.net\\\/blog\\\/aenderung-der-fao-zum-01-05-2025-was-sich-bei-%c2%a7-26-aendert-und-was-das-fuer-fachanwaeltinnen-bedeutet\\\/#respond\"]}]},{\"@type\":\"WebPage\",\"@id\":\"https:\\\/\\\/www.rechtsanwalt-fortbildung.net\\\/blog\\\/aenderung-der-fao-zum-01-05-2025-was-sich-bei-%c2%a7-26-aendert-und-was-das-fuer-fachanwaeltinnen-bedeutet\\\/\",\"url\":\"https:\\\/\\\/www.rechtsanwalt-fortbildung.net\\\/blog\\\/aenderung-der-fao-zum-01-05-2025-was-sich-bei-%c2%a7-26-aendert-und-was-das-fuer-fachanwaeltinnen-bedeutet\\\/\",\"name\":\"\u00c4nderung der FAO zum 01.05.2025: Was sich bei \u00a7\u202f26 \u00e4ndert \u2013 und was das f\u00fcr Fachanw\u00e4lt:innen bedeutet - Wissenszentrum Fachanwalt\",\"isPartOf\":{\"@id\":\"https:\\\/\\\/www.rechtsanwalt-fortbildung.net\\\/blog\\\/#website\"},\"datePublished\":\"2025-05-05T10:17:04+00:00\",\"dateModified\":\"2026-02-27T10:02:53+00:00\",\"breadcrumb\":{\"@id\":\"https:\\\/\\\/www.rechtsanwalt-fortbildung.net\\\/blog\\\/aenderung-der-fao-zum-01-05-2025-was-sich-bei-%c2%a7-26-aendert-und-was-das-fuer-fachanwaeltinnen-bedeutet\\\/#breadcrumb\"},\"inLanguage\":\"de\",\"potentialAction\":[{\"@type\":\"ReadAction\",\"target\":[\"https:\\\/\\\/www.rechtsanwalt-fortbildung.net\\\/blog\\\/aenderung-der-fao-zum-01-05-2025-was-sich-bei-%c2%a7-26-aendert-und-was-das-fuer-fachanwaeltinnen-bedeutet\\\/\"]}]},{\"@type\":\"BreadcrumbList\",\"@id\":\"https:\\\/\\\/www.rechtsanwalt-fortbildung.net\\\/blog\\\/aenderung-der-fao-zum-01-05-2025-was-sich-bei-%c2%a7-26-aendert-und-was-das-fuer-fachanwaeltinnen-bedeutet\\\/#breadcrumb\",\"itemListElement\":[{\"@type\":\"ListItem\",\"position\":1,\"name\":\"Startseite\",\"item\":\"https:\\\/\\\/www.rechtsanwalt-fortbildung.net\\\/blog\\\/\"},{\"@type\":\"ListItem\",\"position\":2,\"name\":\"\u00c4nderung der FAO zum 01.05.2025: Was sich bei \u00a7\u202f26 \u00e4ndert \u2013 und was das f\u00fcr Fachanw\u00e4lt:innen bedeutet\"}]},{\"@type\":\"WebSite\",\"@id\":\"https:\\\/\\\/www.rechtsanwalt-fortbildung.net\\\/blog\\\/#website\",\"url\":\"https:\\\/\\\/www.rechtsanwalt-fortbildung.net\\\/blog\\\/\",\"name\":\"rechtsanwalt-fortbildung.net\",\"description\":\"Das Wissenszentrum zur \u00a7 15 FAO Fortbildungspflicht\",\"publisher\":{\"@id\":\"https:\\\/\\\/www.rechtsanwalt-fortbildung.net\\\/blog\\\/#organization\"},\"potentialAction\":[{\"@type\":\"SearchAction\",\"target\":{\"@type\":\"EntryPoint\",\"urlTemplate\":\"https:\\\/\\\/www.rechtsanwalt-fortbildung.net\\\/blog\\\/?s={search_term_string}\"},\"query-input\":{\"@type\":\"PropertyValueSpecification\",\"valueRequired\":true,\"valueName\":\"search_term_string\"}}],\"inLanguage\":\"de\"},{\"@type\":\"Organization\",\"@id\":\"https:\\\/\\\/www.rechtsanwalt-fortbildung.net\\\/blog\\\/#organization\",\"name\":\"rechtsanwalt-fortbildung.net\",\"url\":\"https:\\\/\\\/www.rechtsanwalt-fortbildung.net\\\/blog\\\/\",\"logo\":{\"@type\":\"ImageObject\",\"inLanguage\":\"de\",\"@id\":\"https:\\\/\\\/www.rechtsanwalt-fortbildung.net\\\/blog\\\/#\\\/schema\\\/logo\\\/image\\\/\",\"url\":\"https:\\\/\\\/www.rechtsanwalt-fortbildung.net\\\/blog\\\/wp-content\\\/uploads\\\/2026\\\/03\\\/cropped-Logo-Rechteck-140x70-1.png\",\"contentUrl\":\"https:\\\/\\\/www.rechtsanwalt-fortbildung.net\\\/blog\\\/wp-content\\\/uploads\\\/2026\\\/03\\\/cropped-Logo-Rechteck-140x70-1.png\",\"width\":140,\"height\":70,\"caption\":\"rechtsanwalt-fortbildung.net\"},\"image\":{\"@id\":\"https:\\\/\\\/www.rechtsanwalt-fortbildung.net\\\/blog\\\/#\\\/schema\\\/logo\\\/image\\\/\"},\"sameAs\":[\"https:\\\/\\\/www.facebook.com\\\/rechtsanwaltfortbildung\\\/\",\"https:\\\/\\\/www.linkedin.com\\\/company\\\/11808981\"]},{\"@type\":\"Person\",\"@id\":\"https:\\\/\\\/www.rechtsanwalt-fortbildung.net\\\/blog\\\/#\\\/schema\\\/person\\\/21c9ba2ad9142a39b5921a7530d8df27\",\"name\":\"Alexander Grantz\",\"image\":{\"@type\":\"ImageObject\",\"inLanguage\":\"de\",\"@id\":\"https:\\\/\\\/secure.gravatar.com\\\/avatar\\\/97a81a910761df8fc11bf0a8e73192ad17a106dc3861deab9eef19e7d6bcbd16?s=96&d=mm&r=g\",\"url\":\"https:\\\/\\\/secure.gravatar.com\\\/avatar\\\/97a81a910761df8fc11bf0a8e73192ad17a106dc3861deab9eef19e7d6bcbd16?s=96&d=mm&r=g\",\"contentUrl\":\"https:\\\/\\\/secure.gravatar.com\\\/avatar\\\/97a81a910761df8fc11bf0a8e73192ad17a106dc3861deab9eef19e7d6bcbd16?s=96&d=mm&r=g\",\"caption\":\"Alexander Grantz\"}}]}<\/script>\n<!-- \/ Yoast SEO plugin. -->","yoast_head_json":{"title":"\u00c4nderung der FAO zum 01.05.2025: Was sich bei \u00a7\u202f26 \u00e4ndert \u2013 und was das f\u00fcr Fachanw\u00e4lt:innen bedeutet - Wissenszentrum Fachanwalt","robots":{"index":"index","follow":"follow","max-snippet":"max-snippet:-1","max-image-preview":"max-image-preview:large","max-video-preview":"max-video-preview:-1"},"canonical":"https:\/\/www.rechtsanwalt-fortbildung.net\/blog\/aenderung-der-fao-zum-01-05-2025-was-sich-bei-\u00a7-26-aendert-und-was-das-fuer-fachanwaeltinnen-bedeutet\/","og_locale":"de_DE","og_type":"article","og_title":"\u00c4nderung der FAO zum 01.05.2025: Was sich bei \u00a7\u202f26 \u00e4ndert \u2013 und was das f\u00fcr Fachanw\u00e4lt:innen bedeutet - Wissenszentrum Fachanwalt","og_description":"\u00c4nderung der FAO zum 01.05.2025: Neuer \u00a7\u202f26 schafft Klarheit zum Inkrafttreten \u2013 Was Fachanw\u00e4lt:innen jetzt wissen sollten Zum 1. Mai 2025 ist eine \u00c4nderung der Fachanwaltsordnung (FAO) in Kraft getreten. Auch wenn sich der ge\u00e4nderte Paragraph auf den ersten Blick nur auf formale Fragen des Inkrafttretens bezieht, lohnt sich ein genauer Blick: Denn \u00a7\u202f26 FAO ... Weiterlesen","og_url":"https:\/\/www.rechtsanwalt-fortbildung.net\/blog\/aenderung-der-fao-zum-01-05-2025-was-sich-bei-\u00a7-26-aendert-und-was-das-fuer-fachanwaeltinnen-bedeutet\/","og_site_name":"Wissenszentrum Fachanwalt","article_publisher":"https:\/\/www.facebook.com\/rechtsanwaltfortbildung\/","article_published_time":"2025-05-05T10:17:04+00:00","article_modified_time":"2026-02-27T10:02:53+00:00","author":"Alexander Grantz","twitter_card":"summary_large_image","twitter_misc":{"Verfasst von":"Alexander Grantz","Gesch\u00e4tzte Lesezeit":"3\u00a0Minuten"},"schema":{"@context":"https:\/\/schema.org","@graph":[{"@type":"Article","@id":"https:\/\/www.rechtsanwalt-fortbildung.net\/blog\/aenderung-der-fao-zum-01-05-2025-was-sich-bei-%c2%a7-26-aendert-und-was-das-fuer-fachanwaeltinnen-bedeutet\/#article","isPartOf":{"@id":"https:\/\/www.rechtsanwalt-fortbildung.net\/blog\/aenderung-der-fao-zum-01-05-2025-was-sich-bei-%c2%a7-26-aendert-und-was-das-fuer-fachanwaeltinnen-bedeutet\/"},"author":{"name":"Alexander Grantz","@id":"https:\/\/www.rechtsanwalt-fortbildung.net\/blog\/#\/schema\/person\/21c9ba2ad9142a39b5921a7530d8df27"},"headline":"\u00c4nderung der FAO zum 01.05.2025: Was sich bei \u00a7\u202f26 \u00e4ndert \u2013 und was das f\u00fcr Fachanw\u00e4lt:innen bedeutet","datePublished":"2025-05-05T10:17:04+00:00","dateModified":"2026-02-27T10:02:53+00:00","mainEntityOfPage":{"@id":"https:\/\/www.rechtsanwalt-fortbildung.net\/blog\/aenderung-der-fao-zum-01-05-2025-was-sich-bei-%c2%a7-26-aendert-und-was-das-fuer-fachanwaeltinnen-bedeutet\/"},"wordCount":665,"commentCount":0,"publisher":{"@id":"https:\/\/www.rechtsanwalt-fortbildung.net\/blog\/#organization"},"articleSection":["Fachanwalt werden"],"inLanguage":"de","potentialAction":[{"@type":"CommentAction","name":"Comment","target":["https:\/\/www.rechtsanwalt-fortbildung.net\/blog\/aenderung-der-fao-zum-01-05-2025-was-sich-bei-%c2%a7-26-aendert-und-was-das-fuer-fachanwaeltinnen-bedeutet\/#respond"]}]},{"@type":"WebPage","@id":"https:\/\/www.rechtsanwalt-fortbildung.net\/blog\/aenderung-der-fao-zum-01-05-2025-was-sich-bei-%c2%a7-26-aendert-und-was-das-fuer-fachanwaeltinnen-bedeutet\/","url":"https:\/\/www.rechtsanwalt-fortbildung.net\/blog\/aenderung-der-fao-zum-01-05-2025-was-sich-bei-%c2%a7-26-aendert-und-was-das-fuer-fachanwaeltinnen-bedeutet\/","name":"\u00c4nderung der FAO zum 01.05.2025: Was sich bei \u00a7\u202f26 \u00e4ndert \u2013 und was das f\u00fcr Fachanw\u00e4lt:innen bedeutet - Wissenszentrum Fachanwalt","isPartOf":{"@id":"https:\/\/www.rechtsanwalt-fortbildung.net\/blog\/#website"},"datePublished":"2025-05-05T10:17:04+00:00","dateModified":"2026-02-27T10:02:53+00:00","breadcrumb":{"@id":"https:\/\/www.rechtsanwalt-fortbildung.net\/blog\/aenderung-der-fao-zum-01-05-2025-was-sich-bei-%c2%a7-26-aendert-und-was-das-fuer-fachanwaeltinnen-bedeutet\/#breadcrumb"},"inLanguage":"de","potentialAction":[{"@type":"ReadAction","target":["https:\/\/www.rechtsanwalt-fortbildung.net\/blog\/aenderung-der-fao-zum-01-05-2025-was-sich-bei-%c2%a7-26-aendert-und-was-das-fuer-fachanwaeltinnen-bedeutet\/"]}]},{"@type":"BreadcrumbList","@id":"https:\/\/www.rechtsanwalt-fortbildung.net\/blog\/aenderung-der-fao-zum-01-05-2025-was-sich-bei-%c2%a7-26-aendert-und-was-das-fuer-fachanwaeltinnen-bedeutet\/#breadcrumb","itemListElement":[{"@type":"ListItem","position":1,"name":"Startseite","item":"https:\/\/www.rechtsanwalt-fortbildung.net\/blog\/"},{"@type":"ListItem","position":2,"name":"\u00c4nderung der FAO zum 01.05.2025: Was sich bei \u00a7\u202f26 \u00e4ndert \u2013 und was das f\u00fcr Fachanw\u00e4lt:innen bedeutet"}]},{"@type":"WebSite","@id":"https:\/\/www.rechtsanwalt-fortbildung.net\/blog\/#website","url":"https:\/\/www.rechtsanwalt-fortbildung.net\/blog\/","name":"rechtsanwalt-fortbildung.net","description":"Das Wissenszentrum zur \u00a7 15 FAO Fortbildungspflicht","publisher":{"@id":"https:\/\/www.rechtsanwalt-fortbildung.net\/blog\/#organization"},"potentialAction":[{"@type":"SearchAction","target":{"@type":"EntryPoint","urlTemplate":"https:\/\/www.rechtsanwalt-fortbildung.net\/blog\/?s={search_term_string}"},"query-input":{"@type":"PropertyValueSpecification","valueRequired":true,"valueName":"search_term_string"}}],"inLanguage":"de"},{"@type":"Organization","@id":"https:\/\/www.rechtsanwalt-fortbildung.net\/blog\/#organization","name":"rechtsanwalt-fortbildung.net","url":"https:\/\/www.rechtsanwalt-fortbildung.net\/blog\/","logo":{"@type":"ImageObject","inLanguage":"de","@id":"https:\/\/www.rechtsanwalt-fortbildung.net\/blog\/#\/schema\/logo\/image\/","url":"https:\/\/www.rechtsanwalt-fortbildung.net\/blog\/wp-content\/uploads\/2026\/03\/cropped-Logo-Rechteck-140x70-1.png","contentUrl":"https:\/\/www.rechtsanwalt-fortbildung.net\/blog\/wp-content\/uploads\/2026\/03\/cropped-Logo-Rechteck-140x70-1.png","width":140,"height":70,"caption":"rechtsanwalt-fortbildung.net"},"image":{"@id":"https:\/\/www.rechtsanwalt-fortbildung.net\/blog\/#\/schema\/logo\/image\/"},"sameAs":["https:\/\/www.facebook.com\/rechtsanwaltfortbildung\/","https:\/\/www.linkedin.com\/company\/11808981"]},{"@type":"Person","@id":"https:\/\/www.rechtsanwalt-fortbildung.net\/blog\/#\/schema\/person\/21c9ba2ad9142a39b5921a7530d8df27","name":"Alexander Grantz","image":{"@type":"ImageObject","inLanguage":"de","@id":"https:\/\/secure.gravatar.com\/avatar\/97a81a910761df8fc11bf0a8e73192ad17a106dc3861deab9eef19e7d6bcbd16?s=96&d=mm&r=g","url":"https:\/\/secure.gravatar.com\/avatar\/97a81a910761df8fc11bf0a8e73192ad17a106dc3861deab9eef19e7d6bcbd16?s=96&d=mm&r=g","contentUrl":"https:\/\/secure.gravatar.com\/avatar\/97a81a910761df8fc11bf0a8e73192ad17a106dc3861deab9eef19e7d6bcbd16?s=96&d=mm&r=g","caption":"Alexander Grantz"}}]}},"_links":{"self":[{"href":"https:\/\/www.rechtsanwalt-fortbildung.net\/blog\/wp-json\/wp\/v2\/posts\/2482","targetHints":{"allow":["GET"]}}],"collection":[{"href":"https:\/\/www.rechtsanwalt-fortbildung.net\/blog\/wp-json\/wp\/v2\/posts"}],"about":[{"href":"https:\/\/www.rechtsanwalt-fortbildung.net\/blog\/wp-json\/wp\/v2\/types\/post"}],"author":[{"embeddable":true,"href":"https:\/\/www.rechtsanwalt-fortbildung.net\/blog\/wp-json\/wp\/v2\/users\/4"}],"replies":[{"embeddable":true,"href":"https:\/\/www.rechtsanwalt-fortbildung.net\/blog\/wp-json\/wp\/v2\/comments?post=2482"}],"version-history":[{"count":3,"href":"https:\/\/www.rechtsanwalt-fortbildung.net\/blog\/wp-json\/wp\/v2\/posts\/2482\/revisions"}],"predecessor-version":[{"id":2487,"href":"https:\/\/www.rechtsanwalt-fortbildung.net\/blog\/wp-json\/wp\/v2\/posts\/2482\/revisions\/2487"}],"wp:attachment":[{"href":"https:\/\/www.rechtsanwalt-fortbildung.net\/blog\/wp-json\/wp\/v2\/media?parent=2482"}],"wp:term":[{"taxonomy":"category","embeddable":true,"href":"https:\/\/www.rechtsanwalt-fortbildung.net\/blog\/wp-json\/wp\/v2\/categories?post=2482"},{"taxonomy":"post_tag","embeddable":true,"href":"https:\/\/www.rechtsanwalt-fortbildung.net\/blog\/wp-json\/wp\/v2\/tags?post=2482"}],"curies":[{"name":"wp","href":"https:\/\/api.w.org\/{rel}","templated":true}]}}