{"id":2551,"date":"2026-01-22T07:56:30","date_gmt":"2026-01-22T06:56:30","guid":{"rendered":"https:\/\/www.rechtsanwalt-fortbildung.net\/blog\/?p=2551"},"modified":"2026-02-27T10:50:06","modified_gmt":"2026-02-27T09:50:06","slug":"fortbildungspflicht-fruehzeitig-erfuellen-warum-sich-der-jahresanfang-fuer-fachanwaeltinnen-und-fachanwaelte-besonders-lohnt","status":"publish","type":"post","link":"https:\/\/www.rechtsanwalt-fortbildung.net\/blog\/fortbildungspflicht-fruehzeitig-erfuellen-warum-sich-der-jahresanfang-fuer-fachanwaeltinnen-und-fachanwaelte-besonders-lohnt\/","title":{"rendered":"Fortbildungspflicht fr\u00fchzeitig erf\u00fcllen: Warum sich der Jahresanfang f\u00fcr Fachanw\u00e4ltinnen und Fachanw\u00e4lte besonders lohnt"},"content":{"rendered":"\n<p>F\u00fcr Fachanw\u00e4ltinnen und Fachanw\u00e4lte ist die j\u00e4hrliche Fortbildungspflicht ein fester Bestandteil des Berufsalltags. Sie dient der Sicherung fachlicher Qualit\u00e4t, der Aktualisierung des eigenen Wissensstands und letztlich der Qualit\u00e4t der anwaltlichen Beratung. Dennoch wird die Erf\u00fcllung der Fortbildungsstunden in vielen Kanzleien erst im Laufe des Jahres konkret angegangen \u2013 h\u00e4ufig mit zunehmendem Zeitdruck.<\/p>\n\n\n\n<p>Gerade der Jahresanfang bietet jedoch ideale Voraussetzungen, um die Fortbildungspflicht strukturiert, stressfrei und inhaltlich sinnvoll zu erf\u00fcllen. Wer fr\u00fch plant, profitiert von gr\u00f6\u00dferer Auswahl, besserer Planbarkeit und mehr Ruhe im Kanzleialltag. Dieser Beitrag zeigt, warum eine fr\u00fche Erf\u00fcllung der Fortbildungspflicht sinnvoll ist, welche typischen Probleme sich dadurch vermeiden lassen und wie Fachanw\u00e4ltinnen und Fachanw\u00e4lte ihre Fortbildung mithilfe von <strong><a href=\"https:\/\/www.rechtsanwalt-fortbildung.net\/\">Rechtsanwalt-Fortbildung.net<\/a><\/strong> effizient planen k\u00f6nnen.<\/p>\n\n\n\n<!--more-->\n\n\n\n<hr class=\"wp-block-separator has-alpha-channel-opacity\"\/>\n\n\n\n<h2 class=\"wp-block-heading\">Die Fortbildungspflicht f\u00fcr Fachanw\u00e4ltinnen und Fachanw\u00e4lte \u2013 ein kurzer \u00dcberblick<\/h2>\n\n\n\n<p>Fachanw\u00e4ltinnen und Fachanw\u00e4lte sind verpflichtet, j\u00e4hrlich <strong>15 Zeitstunden Fortbildung<\/strong> in ihrem jeweiligen Fachgebiet nachzuweisen. Die Fortbildung kann in unterschiedlichen Formaten erfolgen, unter anderem:<\/p>\n\n\n\n<ul class=\"wp-block-list\">\n<li>Pr\u00e4senzseminare<\/li>\n\n\n\n<li>Online-Live-Fortbildungen<\/li>\n\n\n\n<li>Selbststudium mit Lernerfolgskontrolle (im zul\u00e4ssigen Umfang)<\/li>\n<\/ul>\n\n\n\n<p>Die Teilnahme ist zu dokumentieren und gegen\u00fcber der zust\u00e4ndigen Rechtsanwaltskammer nachzuweisen. Inhaltlich m\u00fcssen die Fortbildungen fachbezogen sein und den Anforderungen der Fachanwaltsordnung entsprechen.<\/p>\n\n\n\n<p>Was formal klar geregelt ist, stellt in der Praxis h\u00e4ufig eine organisatorische Herausforderung dar \u2013 insbesondere dann, wenn die Fortbildung erst sp\u00e4t im Jahr angegangen wird.<\/p>\n\n\n\n<hr class=\"wp-block-separator has-alpha-channel-opacity\"\/>\n\n\n\n<h2 class=\"wp-block-heading\">Warum die Fortbildungspflicht h\u00e4ufig aufgeschoben wird<\/h2>\n\n\n\n<p>Der anwaltliche Berufsalltag ist gepr\u00e4gt von hoher Arbeitsbelastung, Fristen, Gerichtsterminen und unvorhersehbaren Mandatsentwicklungen. Fortbildungen werden daher nicht selten als \u201everschiebbare Aufgabe\u201c wahrgenommen. Typische Gr\u00fcnde f\u00fcr ein Aufschieben sind:<\/p>\n\n\n\n<ul class=\"wp-block-list\">\n<li>fehlende Zeit im Tagesgesch\u00e4ft<\/li>\n\n\n\n<li>Unsicherheit bei der Auswahl geeigneter Fortbildungen<\/li>\n\n\n\n<li>mangelnder \u00dcberblick \u00fcber verf\u00fcgbare Angebote<\/li>\n\n\n\n<li>die Annahme, dass noch ausreichend Zeit im Jahr bleibt<\/li>\n<\/ul>\n\n\n\n<p>Diese Faktoren f\u00fchren dazu, dass viele Fachanw\u00e4ltinnen und Fachanw\u00e4lte erst im letzten Quartal des Jahres aktiv nach passenden Fortbildungen suchen \u2013 mit entsprechenden Nachteilen.<\/p>\n\n\n\n<hr class=\"wp-block-separator has-alpha-channel-opacity\"\/>\n\n\n\n<h2 class=\"wp-block-heading\">Die Vorteile einer fr\u00fchen Erf\u00fcllung der Fortbildungspflicht<\/h2>\n\n\n\n<h3 class=\"wp-block-heading\">1. Planungssicherheit und Entlastung im Kanzleialltag<\/h3>\n\n\n\n<p>Wer sich bereits zu Jahresbeginn mit der Fortbildungspflicht befasst, schafft fr\u00fchzeitig Klarheit. Die erforderlichen Stunden k\u00f6nnen entweder direkt absolviert oder verbindlich \u00fcber das Jahr verteilt geplant werden.<\/p>\n\n\n\n<p>Durch die Nutzung von <a href=\"https:\/\/www.rechtsanwalt-fortbildung.net\/\"><strong>Rechtsanwalt-Fortbildung.net<\/strong> <\/a>erhalten Fachanw\u00e4ltinnen und Fachanw\u00e4lte einen schnellen \u00dcberblick \u00fcber verf\u00fcgbare Fortbildungen in ihrem Fachgebiet und k\u00f6nnen Termine fr\u00fchzeitig in ihre Jahresplanung integrieren. Das reduziert den organisatorischen Aufwand und sorgt f\u00fcr sp\u00fcrbare Entlastung.<\/p>\n\n\n\n<hr class=\"wp-block-separator has-alpha-channel-opacity\"\/>\n\n\n\n<h3 class=\"wp-block-heading\">2. Gr\u00f6\u00dfere Auswahl an Fortbildungsangeboten<\/h3>\n\n\n\n<p>Zu Jahresbeginn ist das Angebot an Fortbildungen besonders umfangreich. Viele Anbieter ver\u00f6ffentlichen ihre Programme fr\u00fchzeitig, und die Termine sind noch frei verf\u00fcgbar.<\/p>\n\n\n\n<p>\u00dcber <strong><a href=\"https:\/\/www.rechtsanwalt-fortbildung.net\/\">Rechtsanwalt-Fortbildung.net<\/a><\/strong> lassen sich mehrere tausend Fortbildungsangebote pro Jahr zentral durchsuchen und vergleichen. Wer fr\u00fch plant, kann gezielt nach Themen, Formaten und Zeitpunkten ausw\u00e4hlen \u2013 ohne Kompromisse eingehen zu m\u00fcssen, wie sie bei einer sp\u00e4ten Buchung h\u00e4ufig erforderlich sind.<\/p>\n\n\n\n<hr class=\"wp-block-separator has-alpha-channel-opacity\"\/>\n\n\n\n<h3 class=\"wp-block-heading\">3. H\u00f6here inhaltliche Qualit\u00e4t statt reiner Pflichterf\u00fcllung<\/h3>\n\n\n\n<p>Zeitdruck f\u00fchrt oft dazu, dass Fortbildungen allein nach Verf\u00fcgbarkeit ausgew\u00e4hlt werden. Eine fr\u00fche Planung erm\u00f6glicht hingegen eine bewusste Auswahl nach fachlichem Mehrwert.<\/p>\n\n\n\n<p>Durch den strukturierten \u00dcberblick auf <a href=\"https:\/\/www.rechtsanwalt-fortbildung.net\/\"><strong>Rechtsanwalt-Fortbildung.net<\/strong> <\/a>k\u00f6nnen Fachanw\u00e4ltinnen und Fachanw\u00e4lte Fortbildungen ausw\u00e4hlen, die nicht nur formell anerkannt sind, sondern auch inhaltlich zur eigenen Spezialisierung und zur Kanzleipraxis passen.<\/p>\n\n\n\n<hr class=\"wp-block-separator has-alpha-channel-opacity\"\/>\n\n\n\n<h3 class=\"wp-block-heading\">4. Flexibilit\u00e4t bei unvorhergesehenen Ereignissen<\/h3>\n\n\n\n<p>Krankheit, famili\u00e4re Verpflichtungen oder au\u00dfergew\u00f6hnliche Mandatsbelastungen lassen sich nicht planen. Wer die Fortbildungspflicht fr\u00fch erf\u00fcllt oder zumindest einen Gro\u00dfteil der Stunden bereits absolviert hat, bleibt in solchen Situationen handlungsf\u00e4hig.<\/p>\n\n\n\n<p>Eine fr\u00fchzeitige Planung \u00fcber <strong><a href=\"https:\/\/www.rechtsanwalt-fortbildung.net\/\">Rechtsanwalt-Fortbildung.net<\/a><\/strong> reduziert das Risiko, am Jahresende unter zus\u00e4tzlichen Druck zu geraten oder kurzfristig nach Ersatzl\u00f6sungen suchen zu m\u00fcssen.<\/p>\n\n\n\n<hr class=\"wp-block-separator has-alpha-channel-opacity\"\/>\n\n\n\n<h2 class=\"wp-block-heading\">Typische Probleme bei einer sp\u00e4ten Erf\u00fcllung der Fortbildungspflicht<\/h2>\n\n\n\n<p>In der Praxis zeigen sich bei einer sp\u00e4ten Planung regelm\u00e4\u00dfig \u00e4hnliche Schwierigkeiten:<\/p>\n\n\n\n<ul class=\"wp-block-list\">\n<li>eingeschr\u00e4nkte Terminverf\u00fcgbarkeit<\/li>\n\n\n\n<li>thematisch wenig passende Fortbildungen<\/li>\n\n\n\n<li>\u00dcberschneidungen mit Gerichtsterminen oder Urlaub<\/li>\n\n\n\n<li>zus\u00e4tzlicher organisatorischer Aufwand bei Nachweisen<\/li>\n<\/ul>\n\n\n\n<p>Diese Probleme sind in der Regel nicht inhaltlicher, sondern organisatorischer Natur \u2013 und lassen sich durch eine fr\u00fchzeitige Planung vermeiden.<\/p>\n\n\n\n<hr class=\"wp-block-separator has-alpha-channel-opacity\"\/>\n\n\n\n<h2 class=\"wp-block-heading\">Strukturierte Planung mit Rechtsanwalt-Fortbildung.net<\/h2>\n\n\n\n<p>Eine fr\u00fchzeitige Erf\u00fcllung der Fortbildungspflicht erfordert keinen hohen Aufwand, sondern vor allem einen guten \u00dcberblick. <strong><a href=\"https:\/\/www.rechtsanwalt-fortbildung.net\/\">Rechtsanwalt-Fortbildung.net<\/a><\/strong> bietet hierf\u00fcr eine zentrale Plattform, auf der Fachanw\u00e4ltinnen und Fachanw\u00e4lte:<\/p>\n\n\n\n<ul class=\"wp-block-list\">\n<li>Fortbildungsangebote aller Fachanwaltsgebiete finden<\/li>\n\n\n\n<li>Pr\u00e4senz-, Online- und Selbststudiumsangebote vergleichen k\u00f6nnen<\/li>\n\n\n\n<li>Termine \u00fcber das gesamte Jahr hinweg planen<\/li>\n\n\n\n<li>Angebote verschiedener Anbieter \u00fcbersichtlich einsehen<\/li>\n<\/ul>\n\n\n\n<p>Gerade zu Jahresbeginn erm\u00f6glicht diese zentrale \u00dcbersicht eine strukturierte und effiziente Planung der Fortbildungspflicht.<\/p>\n\n\n\n<hr class=\"wp-block-separator has-alpha-channel-opacity\"\/>\n\n\n\n<h2 class=\"wp-block-heading\">\u00dcber 4.000 Fortbildungsangebote pro Jahr an einem Ort<\/h2>\n\n\n\n<p>Auf <a href=\"https:\/\/www.rechtsanwalt-fortbildung.net\/\"><strong>Rechtsanwalt-Fortbildung.net<\/strong> <\/a>stehen Fachanw\u00e4ltinnen und Fachanw\u00e4lten j\u00e4hrlich \u00fcber <strong>4.000 FAO-konforme Fortbildungsangebote<\/strong> zur Verf\u00fcgung. Diese umfassen:<\/p>\n\n\n\n<ul class=\"wp-block-list\">\n<li>Seminare in allen Fachanwaltsgebieten<\/li>\n\n\n\n<li>unterschiedliche Formate f\u00fcr maximale Flexibilit\u00e4t<\/li>\n\n\n\n<li>Angebote zahlreicher etablierter Fortbildungsanbieter<\/li>\n<\/ul>\n\n\n\n<p>Die B\u00fcndelung dieser Angebote erleichtert nicht nur die Suche, sondern unterst\u00fctzt insbesondere eine fr\u00fchzeitige, vorausschauende Planung der Fortbildungspflicht.<\/p>\n\n\n\n<hr class=\"wp-block-separator has-alpha-channel-opacity\"\/>\n\n\n\n<h2 class=\"wp-block-heading\">Fazit: Fr\u00fch planen hei\u00dft souver\u00e4n fortbilden<\/h2>\n\n\n\n<p>Die Fortbildungspflicht ist integraler Bestandteil des Fachanwaltstitels. Ob sie als Belastung oder als sinnvoller Bestandteil der eigenen beruflichen Entwicklung wahrgenommen wird, h\u00e4ngt ma\u00dfgeblich vom Zeitpunkt der Planung ab.<\/p>\n\n\n\n<p>Wer seine Fortbildung fr\u00fchzeitig angeht, profitiert von:<\/p>\n\n\n\n<ul class=\"wp-block-list\">\n<li>gr\u00f6\u00dferer Auswahl<\/li>\n\n\n\n<li>h\u00f6herer inhaltlicher Qualit\u00e4t<\/li>\n\n\n\n<li>besserer Planbarkeit<\/li>\n\n\n\n<li>weniger Stress im Jahresverlauf<\/li>\n<\/ul>\n\n\n\n<p>Mit dem strukturierten \u00dcberblick auf <strong><a href=\"https:\/\/www.rechtsanwalt-fortbildung.net\/\">Rechtsanwalt-Fortbildung.net<\/a><\/strong> l\u00e4sst sich die Fortbildungspflicht bereits zu Jahresbeginn effizient und passgenau planen.<\/p>\n\n\n\n<hr class=\"wp-block-separator has-alpha-channel-opacity\"\/>\n\n\n\n<h2 class=\"wp-block-heading\"><strong>Jetzt Fortbildungen f\u00fcr das laufende Jahr finden<\/strong><\/h2>\n\n\n\n<p>Auf <strong>Rechtsanwalt-Fortbildung.net<\/strong> finden Fachanw\u00e4ltinnen und Fachanw\u00e4lte eine zentrale \u00dcbersicht \u00fcber mehr als 4.000 FAO-konforme Fortbildungsangebote pro Jahr \u2013 \u00fcbersichtlich, fachbezogen und aktuell.<\/p>\n\n\n\n<p><a href=\"https:\/\/www.rechtsanwalt-fortbildung.net\/\">\ud83d\udc49 <strong>Jetzt passende Fortbildungen entdecken und die Fortbildungspflicht fr\u00fchzeitig erf\u00fcllen.<\/strong><\/a><\/p>\n\n\n\n<div class=\"wp-block-buttons is-content-justification-center is-layout-flex wp-container-core-buttons-is-layout-16018d1d wp-block-buttons-is-layout-flex\">\n<div class=\"wp-block-button has-custom-width wp-block-button__width-50\"><a class=\"wp-block-button__link has-white-color has-accent-background-color has-text-color has-background has-link-color has-regular-font-size has-custom-font-size wp-element-button\" href=\"https:\/\/www.rechtsanwalt-fortbildung.net\/\"><strong>zu rechtsanwalt-fortbildung.net<\/strong><\/a><\/div>\n<\/div>\n","protected":false},"excerpt":{"rendered":"<p>F\u00fcr Fachanw\u00e4ltinnen und Fachanw\u00e4lte ist die j\u00e4hrliche Fortbildungspflicht ein fester Bestandteil des Berufsalltags. Sie dient der Sicherung fachlicher Qualit\u00e4t, der Aktualisierung des eigenen Wissensstands und letztlich der Qualit\u00e4t der anwaltlichen Beratung. Dennoch wird die Erf\u00fcllung der Fortbildungsstunden in vielen Kanzleien erst im Laufe des Jahres konkret angegangen \u2013 h\u00e4ufig mit zunehmendem Zeitdruck. Gerade der Jahresanfang &#8230; <a title=\"Fortbildungspflicht fr\u00fchzeitig erf\u00fcllen: Warum sich der Jahresanfang f\u00fcr Fachanw\u00e4ltinnen und Fachanw\u00e4lte besonders lohnt\" class=\"read-more\" href=\"https:\/\/www.rechtsanwalt-fortbildung.net\/blog\/fortbildungspflicht-fruehzeitig-erfuellen-warum-sich-der-jahresanfang-fuer-fachanwaeltinnen-und-fachanwaelte-besonders-lohnt\/\" aria-label=\"Mehr Informationen \u00fcber Fortbildungspflicht fr\u00fchzeitig erf\u00fcllen: Warum sich der Jahresanfang f\u00fcr Fachanw\u00e4ltinnen und Fachanw\u00e4lte besonders lohnt\">Weiterlesen<\/a><\/p>\n","protected":false},"author":4,"featured_media":2552,"comment_status":"open","ping_status":"closed","sticky":false,"template":"","format":"standard","meta":{"_mbp_gutenberg_autopost":false,"footnotes":""},"categories":[110],"tags":[],"class_list":["post-2551","post","type-post","status-publish","format-standard","has-post-thumbnail","hentry","category-fortbildungspflicht-fao"],"yoast_head":"<!-- This site is optimized with the Yoast SEO plugin v27.3 - https:\/\/yoast.com\/product\/yoast-seo-wordpress\/ -->\n<title>Fortbildungspflicht fr\u00fchzeitig erf\u00fcllen: Warum sich der Jahresanfang f\u00fcr Fachanw\u00e4ltinnen und Fachanw\u00e4lte besonders lohnt - Wissenszentrum Fachanwalt<\/title>\n<meta name=\"robots\" content=\"index, follow, max-snippet:-1, max-image-preview:large, max-video-preview:-1\" \/>\n<link rel=\"canonical\" href=\"https:\/\/www.rechtsanwalt-fortbildung.net\/blog\/fortbildungspflicht-fruehzeitig-erfuellen-warum-sich-der-jahresanfang-fuer-fachanwaeltinnen-und-fachanwaelte-besonders-lohnt\/\" \/>\n<meta property=\"og:locale\" content=\"de_DE\" \/>\n<meta property=\"og:type\" content=\"article\" \/>\n<meta property=\"og:title\" content=\"Fortbildungspflicht fr\u00fchzeitig erf\u00fcllen: Warum sich der Jahresanfang f\u00fcr Fachanw\u00e4ltinnen und Fachanw\u00e4lte besonders lohnt - Wissenszentrum Fachanwalt\" \/>\n<meta property=\"og:description\" content=\"F\u00fcr Fachanw\u00e4ltinnen und Fachanw\u00e4lte ist die j\u00e4hrliche Fortbildungspflicht ein fester Bestandteil des Berufsalltags. Sie dient der Sicherung fachlicher Qualit\u00e4t, der Aktualisierung des eigenen Wissensstands und letztlich der Qualit\u00e4t der anwaltlichen Beratung. Dennoch wird die Erf\u00fcllung der Fortbildungsstunden in vielen Kanzleien erst im Laufe des Jahres konkret angegangen \u2013 h\u00e4ufig mit zunehmendem Zeitdruck. Gerade der Jahresanfang ... Weiterlesen\" \/>\n<meta property=\"og:url\" content=\"https:\/\/www.rechtsanwalt-fortbildung.net\/blog\/fortbildungspflicht-fruehzeitig-erfuellen-warum-sich-der-jahresanfang-fuer-fachanwaeltinnen-und-fachanwaelte-besonders-lohnt\/\" \/>\n<meta property=\"og:site_name\" content=\"Wissenszentrum Fachanwalt\" \/>\n<meta property=\"article:publisher\" content=\"https:\/\/www.facebook.com\/rechtsanwaltfortbildung\/\" \/>\n<meta property=\"article:published_time\" content=\"2026-01-22T06:56:30+00:00\" \/>\n<meta property=\"article:modified_time\" content=\"2026-02-27T09:50:06+00:00\" \/>\n<meta property=\"og:image\" content=\"https:\/\/www.rechtsanwalt-fortbildung.net\/blog\/wp-content\/uploads\/2026\/01\/Design-ohne-Titel-19.png\" \/>\n\t<meta property=\"og:image:width\" content=\"1536\" \/>\n\t<meta property=\"og:image:height\" content=\"1024\" \/>\n\t<meta property=\"og:image:type\" content=\"image\/png\" \/>\n<meta name=\"author\" content=\"Alexander Grantz\" \/>\n<meta name=\"twitter:card\" content=\"summary_large_image\" \/>\n<meta name=\"twitter:label1\" content=\"Verfasst von\" \/>\n\t<meta name=\"twitter:data1\" content=\"Alexander Grantz\" \/>\n\t<meta name=\"twitter:label2\" content=\"Gesch\u00e4tzte Lesezeit\" \/>\n\t<meta name=\"twitter:data2\" content=\"5\u00a0Minuten\" \/>\n<script type=\"application\/ld+json\" class=\"yoast-schema-graph\">{\"@context\":\"https:\\\/\\\/schema.org\",\"@graph\":[{\"@type\":\"Article\",\"@id\":\"https:\\\/\\\/www.rechtsanwalt-fortbildung.net\\\/blog\\\/fortbildungspflicht-fruehzeitig-erfuellen-warum-sich-der-jahresanfang-fuer-fachanwaeltinnen-und-fachanwaelte-besonders-lohnt\\\/#article\",\"isPartOf\":{\"@id\":\"https:\\\/\\\/www.rechtsanwalt-fortbildung.net\\\/blog\\\/fortbildungspflicht-fruehzeitig-erfuellen-warum-sich-der-jahresanfang-fuer-fachanwaeltinnen-und-fachanwaelte-besonders-lohnt\\\/\"},\"author\":{\"name\":\"Alexander Grantz\",\"@id\":\"https:\\\/\\\/www.rechtsanwalt-fortbildung.net\\\/blog\\\/#\\\/schema\\\/person\\\/21c9ba2ad9142a39b5921a7530d8df27\"},\"headline\":\"Fortbildungspflicht fr\u00fchzeitig erf\u00fcllen: Warum sich der Jahresanfang f\u00fcr Fachanw\u00e4ltinnen und Fachanw\u00e4lte besonders lohnt\",\"datePublished\":\"2026-01-22T06:56:30+00:00\",\"dateModified\":\"2026-02-27T09:50:06+00:00\",\"mainEntityOfPage\":{\"@id\":\"https:\\\/\\\/www.rechtsanwalt-fortbildung.net\\\/blog\\\/fortbildungspflicht-fruehzeitig-erfuellen-warum-sich-der-jahresanfang-fuer-fachanwaeltinnen-und-fachanwaelte-besonders-lohnt\\\/\"},\"wordCount\":962,\"commentCount\":0,\"publisher\":{\"@id\":\"https:\\\/\\\/www.rechtsanwalt-fortbildung.net\\\/blog\\\/#organization\"},\"image\":{\"@id\":\"https:\\\/\\\/www.rechtsanwalt-fortbildung.net\\\/blog\\\/fortbildungspflicht-fruehzeitig-erfuellen-warum-sich-der-jahresanfang-fuer-fachanwaeltinnen-und-fachanwaelte-besonders-lohnt\\\/#primaryimage\"},\"thumbnailUrl\":\"https:\\\/\\\/www.rechtsanwalt-fortbildung.net\\\/blog\\\/wp-content\\\/uploads\\\/2026\\\/01\\\/Design-ohne-Titel-19.png\",\"articleSection\":[\"Fortbildungspflicht \u00a7 15 FAO\"],\"inLanguage\":\"de\",\"potentialAction\":[{\"@type\":\"CommentAction\",\"name\":\"Comment\",\"target\":[\"https:\\\/\\\/www.rechtsanwalt-fortbildung.net\\\/blog\\\/fortbildungspflicht-fruehzeitig-erfuellen-warum-sich-der-jahresanfang-fuer-fachanwaeltinnen-und-fachanwaelte-besonders-lohnt\\\/#respond\"]}]},{\"@type\":\"WebPage\",\"@id\":\"https:\\\/\\\/www.rechtsanwalt-fortbildung.net\\\/blog\\\/fortbildungspflicht-fruehzeitig-erfuellen-warum-sich-der-jahresanfang-fuer-fachanwaeltinnen-und-fachanwaelte-besonders-lohnt\\\/\",\"url\":\"https:\\\/\\\/www.rechtsanwalt-fortbildung.net\\\/blog\\\/fortbildungspflicht-fruehzeitig-erfuellen-warum-sich-der-jahresanfang-fuer-fachanwaeltinnen-und-fachanwaelte-besonders-lohnt\\\/\",\"name\":\"Fortbildungspflicht fr\u00fchzeitig erf\u00fcllen: Warum sich der Jahresanfang f\u00fcr Fachanw\u00e4ltinnen und Fachanw\u00e4lte besonders lohnt - Wissenszentrum Fachanwalt\",\"isPartOf\":{\"@id\":\"https:\\\/\\\/www.rechtsanwalt-fortbildung.net\\\/blog\\\/#website\"},\"primaryImageOfPage\":{\"@id\":\"https:\\\/\\\/www.rechtsanwalt-fortbildung.net\\\/blog\\\/fortbildungspflicht-fruehzeitig-erfuellen-warum-sich-der-jahresanfang-fuer-fachanwaeltinnen-und-fachanwaelte-besonders-lohnt\\\/#primaryimage\"},\"image\":{\"@id\":\"https:\\\/\\\/www.rechtsanwalt-fortbildung.net\\\/blog\\\/fortbildungspflicht-fruehzeitig-erfuellen-warum-sich-der-jahresanfang-fuer-fachanwaeltinnen-und-fachanwaelte-besonders-lohnt\\\/#primaryimage\"},\"thumbnailUrl\":\"https:\\\/\\\/www.rechtsanwalt-fortbildung.net\\\/blog\\\/wp-content\\\/uploads\\\/2026\\\/01\\\/Design-ohne-Titel-19.png\",\"datePublished\":\"2026-01-22T06:56:30+00:00\",\"dateModified\":\"2026-02-27T09:50:06+00:00\",\"breadcrumb\":{\"@id\":\"https:\\\/\\\/www.rechtsanwalt-fortbildung.net\\\/blog\\\/fortbildungspflicht-fruehzeitig-erfuellen-warum-sich-der-jahresanfang-fuer-fachanwaeltinnen-und-fachanwaelte-besonders-lohnt\\\/#breadcrumb\"},\"inLanguage\":\"de\",\"potentialAction\":[{\"@type\":\"ReadAction\",\"target\":[\"https:\\\/\\\/www.rechtsanwalt-fortbildung.net\\\/blog\\\/fortbildungspflicht-fruehzeitig-erfuellen-warum-sich-der-jahresanfang-fuer-fachanwaeltinnen-und-fachanwaelte-besonders-lohnt\\\/\"]}]},{\"@type\":\"ImageObject\",\"inLanguage\":\"de\",\"@id\":\"https:\\\/\\\/www.rechtsanwalt-fortbildung.net\\\/blog\\\/fortbildungspflicht-fruehzeitig-erfuellen-warum-sich-der-jahresanfang-fuer-fachanwaeltinnen-und-fachanwaelte-besonders-lohnt\\\/#primaryimage\",\"url\":\"https:\\\/\\\/www.rechtsanwalt-fortbildung.net\\\/blog\\\/wp-content\\\/uploads\\\/2026\\\/01\\\/Design-ohne-Titel-19.png\",\"contentUrl\":\"https:\\\/\\\/www.rechtsanwalt-fortbildung.net\\\/blog\\\/wp-content\\\/uploads\\\/2026\\\/01\\\/Design-ohne-Titel-19.png\",\"width\":1536,\"height\":1024,\"caption\":\"Wer die Fortbildungspflicht fr\u00fch im Jahr plant, gewinnt Zeit, Flexibilit\u00e4t und Ruhe im Kanzleialltag.\"},{\"@type\":\"BreadcrumbList\",\"@id\":\"https:\\\/\\\/www.rechtsanwalt-fortbildung.net\\\/blog\\\/fortbildungspflicht-fruehzeitig-erfuellen-warum-sich-der-jahresanfang-fuer-fachanwaeltinnen-und-fachanwaelte-besonders-lohnt\\\/#breadcrumb\",\"itemListElement\":[{\"@type\":\"ListItem\",\"position\":1,\"name\":\"Startseite\",\"item\":\"https:\\\/\\\/www.rechtsanwalt-fortbildung.net\\\/blog\\\/\"},{\"@type\":\"ListItem\",\"position\":2,\"name\":\"Fortbildungspflicht fr\u00fchzeitig erf\u00fcllen: Warum sich der Jahresanfang f\u00fcr Fachanw\u00e4ltinnen und Fachanw\u00e4lte besonders lohnt\"}]},{\"@type\":\"WebSite\",\"@id\":\"https:\\\/\\\/www.rechtsanwalt-fortbildung.net\\\/blog\\\/#website\",\"url\":\"https:\\\/\\\/www.rechtsanwalt-fortbildung.net\\\/blog\\\/\",\"name\":\"rechtsanwalt-fortbildung.net\",\"description\":\"Das Wissenszentrum zur \u00a7 15 FAO Fortbildungspflicht\",\"publisher\":{\"@id\":\"https:\\\/\\\/www.rechtsanwalt-fortbildung.net\\\/blog\\\/#organization\"},\"potentialAction\":[{\"@type\":\"SearchAction\",\"target\":{\"@type\":\"EntryPoint\",\"urlTemplate\":\"https:\\\/\\\/www.rechtsanwalt-fortbildung.net\\\/blog\\\/?s={search_term_string}\"},\"query-input\":{\"@type\":\"PropertyValueSpecification\",\"valueRequired\":true,\"valueName\":\"search_term_string\"}}],\"inLanguage\":\"de\"},{\"@type\":\"Organization\",\"@id\":\"https:\\\/\\\/www.rechtsanwalt-fortbildung.net\\\/blog\\\/#organization\",\"name\":\"rechtsanwalt-fortbildung.net\",\"url\":\"https:\\\/\\\/www.rechtsanwalt-fortbildung.net\\\/blog\\\/\",\"logo\":{\"@type\":\"ImageObject\",\"inLanguage\":\"de\",\"@id\":\"https:\\\/\\\/www.rechtsanwalt-fortbildung.net\\\/blog\\\/#\\\/schema\\\/logo\\\/image\\\/\",\"url\":\"https:\\\/\\\/www.rechtsanwalt-fortbildung.net\\\/blog\\\/wp-content\\\/uploads\\\/2026\\\/03\\\/cropped-Logo-Rechteck-140x70-1.png\",\"contentUrl\":\"https:\\\/\\\/www.rechtsanwalt-fortbildung.net\\\/blog\\\/wp-content\\\/uploads\\\/2026\\\/03\\\/cropped-Logo-Rechteck-140x70-1.png\",\"width\":140,\"height\":70,\"caption\":\"rechtsanwalt-fortbildung.net\"},\"image\":{\"@id\":\"https:\\\/\\\/www.rechtsanwalt-fortbildung.net\\\/blog\\\/#\\\/schema\\\/logo\\\/image\\\/\"},\"sameAs\":[\"https:\\\/\\\/www.facebook.com\\\/rechtsanwaltfortbildung\\\/\",\"https:\\\/\\\/www.linkedin.com\\\/company\\\/11808981\"]},{\"@type\":\"Person\",\"@id\":\"https:\\\/\\\/www.rechtsanwalt-fortbildung.net\\\/blog\\\/#\\\/schema\\\/person\\\/21c9ba2ad9142a39b5921a7530d8df27\",\"name\":\"Alexander Grantz\",\"image\":{\"@type\":\"ImageObject\",\"inLanguage\":\"de\",\"@id\":\"https:\\\/\\\/secure.gravatar.com\\\/avatar\\\/97a81a910761df8fc11bf0a8e73192ad17a106dc3861deab9eef19e7d6bcbd16?s=96&d=mm&r=g\",\"url\":\"https:\\\/\\\/secure.gravatar.com\\\/avatar\\\/97a81a910761df8fc11bf0a8e73192ad17a106dc3861deab9eef19e7d6bcbd16?s=96&d=mm&r=g\",\"contentUrl\":\"https:\\\/\\\/secure.gravatar.com\\\/avatar\\\/97a81a910761df8fc11bf0a8e73192ad17a106dc3861deab9eef19e7d6bcbd16?s=96&d=mm&r=g\",\"caption\":\"Alexander Grantz\"}}]}<\/script>\n<!-- \/ Yoast SEO plugin. -->","yoast_head_json":{"title":"Fortbildungspflicht fr\u00fchzeitig erf\u00fcllen: Warum sich der Jahresanfang f\u00fcr Fachanw\u00e4ltinnen und Fachanw\u00e4lte besonders lohnt - Wissenszentrum Fachanwalt","robots":{"index":"index","follow":"follow","max-snippet":"max-snippet:-1","max-image-preview":"max-image-preview:large","max-video-preview":"max-video-preview:-1"},"canonical":"https:\/\/www.rechtsanwalt-fortbildung.net\/blog\/fortbildungspflicht-fruehzeitig-erfuellen-warum-sich-der-jahresanfang-fuer-fachanwaeltinnen-und-fachanwaelte-besonders-lohnt\/","og_locale":"de_DE","og_type":"article","og_title":"Fortbildungspflicht fr\u00fchzeitig erf\u00fcllen: Warum sich der Jahresanfang f\u00fcr Fachanw\u00e4ltinnen und Fachanw\u00e4lte besonders lohnt - Wissenszentrum Fachanwalt","og_description":"F\u00fcr Fachanw\u00e4ltinnen und Fachanw\u00e4lte ist die j\u00e4hrliche Fortbildungspflicht ein fester Bestandteil des Berufsalltags. Sie dient der Sicherung fachlicher Qualit\u00e4t, der Aktualisierung des eigenen Wissensstands und letztlich der Qualit\u00e4t der anwaltlichen Beratung. Dennoch wird die Erf\u00fcllung der Fortbildungsstunden in vielen Kanzleien erst im Laufe des Jahres konkret angegangen \u2013 h\u00e4ufig mit zunehmendem Zeitdruck. Gerade der Jahresanfang ... Weiterlesen","og_url":"https:\/\/www.rechtsanwalt-fortbildung.net\/blog\/fortbildungspflicht-fruehzeitig-erfuellen-warum-sich-der-jahresanfang-fuer-fachanwaeltinnen-und-fachanwaelte-besonders-lohnt\/","og_site_name":"Wissenszentrum Fachanwalt","article_publisher":"https:\/\/www.facebook.com\/rechtsanwaltfortbildung\/","article_published_time":"2026-01-22T06:56:30+00:00","article_modified_time":"2026-02-27T09:50:06+00:00","og_image":[{"width":1536,"height":1024,"url":"https:\/\/www.rechtsanwalt-fortbildung.net\/blog\/wp-content\/uploads\/2026\/01\/Design-ohne-Titel-19.png","type":"image\/png"}],"author":"Alexander Grantz","twitter_card":"summary_large_image","twitter_misc":{"Verfasst von":"Alexander Grantz","Gesch\u00e4tzte Lesezeit":"5\u00a0Minuten"},"schema":{"@context":"https:\/\/schema.org","@graph":[{"@type":"Article","@id":"https:\/\/www.rechtsanwalt-fortbildung.net\/blog\/fortbildungspflicht-fruehzeitig-erfuellen-warum-sich-der-jahresanfang-fuer-fachanwaeltinnen-und-fachanwaelte-besonders-lohnt\/#article","isPartOf":{"@id":"https:\/\/www.rechtsanwalt-fortbildung.net\/blog\/fortbildungspflicht-fruehzeitig-erfuellen-warum-sich-der-jahresanfang-fuer-fachanwaeltinnen-und-fachanwaelte-besonders-lohnt\/"},"author":{"name":"Alexander Grantz","@id":"https:\/\/www.rechtsanwalt-fortbildung.net\/blog\/#\/schema\/person\/21c9ba2ad9142a39b5921a7530d8df27"},"headline":"Fortbildungspflicht fr\u00fchzeitig erf\u00fcllen: Warum sich der Jahresanfang f\u00fcr Fachanw\u00e4ltinnen und Fachanw\u00e4lte besonders lohnt","datePublished":"2026-01-22T06:56:30+00:00","dateModified":"2026-02-27T09:50:06+00:00","mainEntityOfPage":{"@id":"https:\/\/www.rechtsanwalt-fortbildung.net\/blog\/fortbildungspflicht-fruehzeitig-erfuellen-warum-sich-der-jahresanfang-fuer-fachanwaeltinnen-und-fachanwaelte-besonders-lohnt\/"},"wordCount":962,"commentCount":0,"publisher":{"@id":"https:\/\/www.rechtsanwalt-fortbildung.net\/blog\/#organization"},"image":{"@id":"https:\/\/www.rechtsanwalt-fortbildung.net\/blog\/fortbildungspflicht-fruehzeitig-erfuellen-warum-sich-der-jahresanfang-fuer-fachanwaeltinnen-und-fachanwaelte-besonders-lohnt\/#primaryimage"},"thumbnailUrl":"https:\/\/www.rechtsanwalt-fortbildung.net\/blog\/wp-content\/uploads\/2026\/01\/Design-ohne-Titel-19.png","articleSection":["Fortbildungspflicht \u00a7 15 FAO"],"inLanguage":"de","potentialAction":[{"@type":"CommentAction","name":"Comment","target":["https:\/\/www.rechtsanwalt-fortbildung.net\/blog\/fortbildungspflicht-fruehzeitig-erfuellen-warum-sich-der-jahresanfang-fuer-fachanwaeltinnen-und-fachanwaelte-besonders-lohnt\/#respond"]}]},{"@type":"WebPage","@id":"https:\/\/www.rechtsanwalt-fortbildung.net\/blog\/fortbildungspflicht-fruehzeitig-erfuellen-warum-sich-der-jahresanfang-fuer-fachanwaeltinnen-und-fachanwaelte-besonders-lohnt\/","url":"https:\/\/www.rechtsanwalt-fortbildung.net\/blog\/fortbildungspflicht-fruehzeitig-erfuellen-warum-sich-der-jahresanfang-fuer-fachanwaeltinnen-und-fachanwaelte-besonders-lohnt\/","name":"Fortbildungspflicht fr\u00fchzeitig erf\u00fcllen: Warum sich der Jahresanfang f\u00fcr Fachanw\u00e4ltinnen und Fachanw\u00e4lte besonders lohnt - Wissenszentrum Fachanwalt","isPartOf":{"@id":"https:\/\/www.rechtsanwalt-fortbildung.net\/blog\/#website"},"primaryImageOfPage":{"@id":"https:\/\/www.rechtsanwalt-fortbildung.net\/blog\/fortbildungspflicht-fruehzeitig-erfuellen-warum-sich-der-jahresanfang-fuer-fachanwaeltinnen-und-fachanwaelte-besonders-lohnt\/#primaryimage"},"image":{"@id":"https:\/\/www.rechtsanwalt-fortbildung.net\/blog\/fortbildungspflicht-fruehzeitig-erfuellen-warum-sich-der-jahresanfang-fuer-fachanwaeltinnen-und-fachanwaelte-besonders-lohnt\/#primaryimage"},"thumbnailUrl":"https:\/\/www.rechtsanwalt-fortbildung.net\/blog\/wp-content\/uploads\/2026\/01\/Design-ohne-Titel-19.png","datePublished":"2026-01-22T06:56:30+00:00","dateModified":"2026-02-27T09:50:06+00:00","breadcrumb":{"@id":"https:\/\/www.rechtsanwalt-fortbildung.net\/blog\/fortbildungspflicht-fruehzeitig-erfuellen-warum-sich-der-jahresanfang-fuer-fachanwaeltinnen-und-fachanwaelte-besonders-lohnt\/#breadcrumb"},"inLanguage":"de","potentialAction":[{"@type":"ReadAction","target":["https:\/\/www.rechtsanwalt-fortbildung.net\/blog\/fortbildungspflicht-fruehzeitig-erfuellen-warum-sich-der-jahresanfang-fuer-fachanwaeltinnen-und-fachanwaelte-besonders-lohnt\/"]}]},{"@type":"ImageObject","inLanguage":"de","@id":"https:\/\/www.rechtsanwalt-fortbildung.net\/blog\/fortbildungspflicht-fruehzeitig-erfuellen-warum-sich-der-jahresanfang-fuer-fachanwaeltinnen-und-fachanwaelte-besonders-lohnt\/#primaryimage","url":"https:\/\/www.rechtsanwalt-fortbildung.net\/blog\/wp-content\/uploads\/2026\/01\/Design-ohne-Titel-19.png","contentUrl":"https:\/\/www.rechtsanwalt-fortbildung.net\/blog\/wp-content\/uploads\/2026\/01\/Design-ohne-Titel-19.png","width":1536,"height":1024,"caption":"Wer die Fortbildungspflicht fr\u00fch im Jahr plant, gewinnt Zeit, Flexibilit\u00e4t und Ruhe im Kanzleialltag."},{"@type":"BreadcrumbList","@id":"https:\/\/www.rechtsanwalt-fortbildung.net\/blog\/fortbildungspflicht-fruehzeitig-erfuellen-warum-sich-der-jahresanfang-fuer-fachanwaeltinnen-und-fachanwaelte-besonders-lohnt\/#breadcrumb","itemListElement":[{"@type":"ListItem","position":1,"name":"Startseite","item":"https:\/\/www.rechtsanwalt-fortbildung.net\/blog\/"},{"@type":"ListItem","position":2,"name":"Fortbildungspflicht fr\u00fchzeitig erf\u00fcllen: Warum sich der Jahresanfang f\u00fcr Fachanw\u00e4ltinnen und Fachanw\u00e4lte besonders lohnt"}]},{"@type":"WebSite","@id":"https:\/\/www.rechtsanwalt-fortbildung.net\/blog\/#website","url":"https:\/\/www.rechtsanwalt-fortbildung.net\/blog\/","name":"rechtsanwalt-fortbildung.net","description":"Das Wissenszentrum zur \u00a7 15 FAO Fortbildungspflicht","publisher":{"@id":"https:\/\/www.rechtsanwalt-fortbildung.net\/blog\/#organization"},"potentialAction":[{"@type":"SearchAction","target":{"@type":"EntryPoint","urlTemplate":"https:\/\/www.rechtsanwalt-fortbildung.net\/blog\/?s={search_term_string}"},"query-input":{"@type":"PropertyValueSpecification","valueRequired":true,"valueName":"search_term_string"}}],"inLanguage":"de"},{"@type":"Organization","@id":"https:\/\/www.rechtsanwalt-fortbildung.net\/blog\/#organization","name":"rechtsanwalt-fortbildung.net","url":"https:\/\/www.rechtsanwalt-fortbildung.net\/blog\/","logo":{"@type":"ImageObject","inLanguage":"de","@id":"https:\/\/www.rechtsanwalt-fortbildung.net\/blog\/#\/schema\/logo\/image\/","url":"https:\/\/www.rechtsanwalt-fortbildung.net\/blog\/wp-content\/uploads\/2026\/03\/cropped-Logo-Rechteck-140x70-1.png","contentUrl":"https:\/\/www.rechtsanwalt-fortbildung.net\/blog\/wp-content\/uploads\/2026\/03\/cropped-Logo-Rechteck-140x70-1.png","width":140,"height":70,"caption":"rechtsanwalt-fortbildung.net"},"image":{"@id":"https:\/\/www.rechtsanwalt-fortbildung.net\/blog\/#\/schema\/logo\/image\/"},"sameAs":["https:\/\/www.facebook.com\/rechtsanwaltfortbildung\/","https:\/\/www.linkedin.com\/company\/11808981"]},{"@type":"Person","@id":"https:\/\/www.rechtsanwalt-fortbildung.net\/blog\/#\/schema\/person\/21c9ba2ad9142a39b5921a7530d8df27","name":"Alexander Grantz","image":{"@type":"ImageObject","inLanguage":"de","@id":"https:\/\/secure.gravatar.com\/avatar\/97a81a910761df8fc11bf0a8e73192ad17a106dc3861deab9eef19e7d6bcbd16?s=96&d=mm&r=g","url":"https:\/\/secure.gravatar.com\/avatar\/97a81a910761df8fc11bf0a8e73192ad17a106dc3861deab9eef19e7d6bcbd16?s=96&d=mm&r=g","contentUrl":"https:\/\/secure.gravatar.com\/avatar\/97a81a910761df8fc11bf0a8e73192ad17a106dc3861deab9eef19e7d6bcbd16?s=96&d=mm&r=g","caption":"Alexander Grantz"}}]}},"_links":{"self":[{"href":"https:\/\/www.rechtsanwalt-fortbildung.net\/blog\/wp-json\/wp\/v2\/posts\/2551","targetHints":{"allow":["GET"]}}],"collection":[{"href":"https:\/\/www.rechtsanwalt-fortbildung.net\/blog\/wp-json\/wp\/v2\/posts"}],"about":[{"href":"https:\/\/www.rechtsanwalt-fortbildung.net\/blog\/wp-json\/wp\/v2\/types\/post"}],"author":[{"embeddable":true,"href":"https:\/\/www.rechtsanwalt-fortbildung.net\/blog\/wp-json\/wp\/v2\/users\/4"}],"replies":[{"embeddable":true,"href":"https:\/\/www.rechtsanwalt-fortbildung.net\/blog\/wp-json\/wp\/v2\/comments?post=2551"}],"version-history":[{"count":2,"href":"https:\/\/www.rechtsanwalt-fortbildung.net\/blog\/wp-json\/wp\/v2\/posts\/2551\/revisions"}],"predecessor-version":[{"id":2584,"href":"https:\/\/www.rechtsanwalt-fortbildung.net\/blog\/wp-json\/wp\/v2\/posts\/2551\/revisions\/2584"}],"wp:featuredmedia":[{"embeddable":true,"href":"https:\/\/www.rechtsanwalt-fortbildung.net\/blog\/wp-json\/wp\/v2\/media\/2552"}],"wp:attachment":[{"href":"https:\/\/www.rechtsanwalt-fortbildung.net\/blog\/wp-json\/wp\/v2\/media?parent=2551"}],"wp:term":[{"taxonomy":"category","embeddable":true,"href":"https:\/\/www.rechtsanwalt-fortbildung.net\/blog\/wp-json\/wp\/v2\/categories?post=2551"},{"taxonomy":"post_tag","embeddable":true,"href":"https:\/\/www.rechtsanwalt-fortbildung.net\/blog\/wp-json\/wp\/v2\/tags?post=2551"}],"curies":[{"name":"wp","href":"https:\/\/api.w.org\/{rel}","templated":true}]}}